{"id":276750,"date":"2026-06-15T15:38:24","date_gmt":"2026-06-15T15:38:24","guid":{"rendered":"https:\/\/www.europesays.com\/se\/276750\/"},"modified":"2026-06-15T15:38:24","modified_gmt":"2026-06-15T15:38:24","slug":"vivo-watch-gt-2-med-25-dagars-batteritid-och-en-amoled-skarm-pa-2-400-nit-lanseras-i-europa","status":"publish","type":"post","link":"https:\/\/www.europesays.com\/se\/276750\/","title":{"rendered":"Vivo Watch GT 2 med 25 dagars batteritid och en AMOLED-sk\u00e4rm p\u00e5 2 400 nit lanseras i Europa"},"content":{"rendered":"<p class=\"bodytext\">Ramen \u00e4r relativt tunn, endast 1,8 millimeter. Vivo erbjuder ett urval av dynamiska urtavlor som bland annat kan visa tr\u00e4ningsdata och inneh\u00e5lla genv\u00e4gar till appar. Smartklockan har en puls- och SpO2-sensor, som b\u00e5da \u00e4r utformade f\u00f6r att samla in data dygnet runt. I kombination med r\u00f6relsesensorer st\u00f6der smartklockan stress-, s\u00f6mn- och cykelm\u00e4tning, samt \u00f6ver 100 sportl\u00e4gen.&#13;<\/p>\n<p class=\"bodytext\">Vivo Watch GT 2 \u00e4r kompatibel med b\u00e5de Android -smartphones och Apple iPhone, och kan \u00e4ven fj\u00e4rrstyra kameran och musikuppspelningen p\u00e5 iPhone samt visa inkommande aviseringar. Klockan har ett NFC-chip, men det kan f\u00f6r n\u00e4rvarande inte anv\u00e4ndas f\u00f6r kontaktl\u00f6sa betalningar; ist\u00e4llet \u00e4r det begr\u00e4nsat till NFC-\u00e5tkomstterminaler, s\u00e5som vissa smarta hem-l\u00e5s.<\/p>\n","protected":false},"excerpt":{"rendered":"Ramen \u00e4r relativt tunn, endast 1,8 millimeter. Vivo erbjuder ett urval av dynamiska urtavlor som bland annat kan&hellip;\n","protected":false},"author":2,"featured_media":276751,"comment_status":"","ping_status":"","sticky":false,"template":"","format":"standard","meta":{"footnotes":"","_share_on_mastodon":"0"},"categories":[66],"tags":[7083,267,7341,7084,7085,5178,236,80,78,79,34,7281,31,33,32,30,81,84,6547,408,83,82,24087,24086],"class_list":["post-276750","post","type-post","status-publish","format-standard","has-post-thumbnail","category-vetenskap-och-teknik","tag-barbar-dator","tag-europa","tag-lansering","tag-laptop","tag-notebook","tag-osterrike","tag-pris","tag-science","tag-science-and-technology","tag-scienceandtechnology","tag-se","tag-smartklocka","tag-svenska","tag-sverige","tag-sweden","tag-swedish","tag-technology","tag-teknik","tag-tillganglighet","tag-tyskland","tag-vetenskap","tag-vetenskapteknik","tag-vivo-watch-gt-2","tag-vivo-watch-gt2"],"share_on_mastodon":{"url":"https:\/\/pubeurope.com\/@se\/116754874817496117","error":""},"_links":{"self":[{"href":"https:\/\/www.europesays.com\/se\/wp-json\/wp\/v2\/posts\/276750","targetHints":{"allow":["GET"]}}],"collection":[{"href":"https:\/\/www.europesays.com\/se\/wp-json\/wp\/v2\/posts"}],"about":[{"href":"https:\/\/www.europesays.com\/se\/wp-json\/wp\/v2\/types\/post"}],"author":[{"embeddable":true,"href":"https:\/\/www.europesays.com\/se\/wp-json\/wp\/v2\/users\/2"}],"replies":[{"embeddable":true,"href":"https:\/\/www.europesays.com\/se\/wp-json\/wp\/v2\/comments?post=276750"}],"version-history":[{"count":0,"href":"https:\/\/www.europesays.com\/se\/wp-json\/wp\/v2\/posts\/276750\/revisions"}],"wp:featuredmedia":[{"embeddable":true,"href":"https:\/\/www.europesays.com\/se\/wp-json\/wp\/v2\/media\/276751"}],"wp:attachment":[{"href":"https:\/\/www.europesays.com\/se\/wp-json\/wp\/v2\/media?parent=276750"}],"wp:term":[{"taxonomy":"category","embeddable":true,"href":"https:\/\/www.europesays.com\/se\/wp-json\/wp\/v2\/categories?post=276750"},{"taxonomy":"post_tag","embeddable":true,"href":"https:\/\/www.europesays.com\/se\/wp-json\/wp\/v2\/tags?post=276750"}],"curies":[{"name":"wp","href":"https:\/\/api.w.org\/{rel}","templated":true}]}}