{"id":276816,"date":"2026-06-15T16:53:13","date_gmt":"2026-06-15T16:53:13","guid":{"rendered":"https:\/\/www.europesays.com\/se\/276816\/"},"modified":"2026-06-15T16:53:13","modified_gmt":"2026-06-15T16:53:13","slug":"johanna-nordstrom-och-pojkvannen-adam-smedberg-har-fatt-barn","status":"publish","type":"post","link":"https:\/\/www.europesays.com\/se\/276816\/","title":{"rendered":"Johanna Nordstr\u00f6m och pojkv\u00e4nnen Adam Smedberg har f\u00e5tt barn"},"content":{"rendered":"<p>Uppdaterad 15 jun 2026 kl 18.41Publicerad 15 jun 2026 kl 18.30<\/p>\n<p>Bebislycka f\u00f6r Johanna Nordstr\u00f6m!\u00a0<\/p>\n<p>Hon och pojkv\u00e4nnen Adam Smedberg har nu f\u00e5tt sitt f\u00f6rsta barn.\u00a0<\/p>\n<p>\u201dStellan\u201d, skriver de p\u00e5 Instagram.\u00a0<\/p>\n<p><img   alt=\"\"\/><\/p>\n<p>Johanna Nordstr\u00f6m tillsammans med pojkv\u00e4nnen Adam Smedberg.<\/p>\n<p>Foto: Karin T\u00f6rnblom\/TT \/ Karin T\u00f6rnblom \/ TT NYHETSBYR\u00c5N<\/p>\n<p>\u00d6ppna bild i helsk\u00e4rm<img loading=\"lazy\"   alt=\"\"\/><\/p>\n<p>En bild p\u00e5 bebisen fr\u00e5n Johanna Nordstr\u00f6ms Instagram.<\/p>\n<p>\u00d6ppna bild i helsk\u00e4rm<img loading=\"lazy\"   alt=\"\"\/><\/p>\n<p>Fr\u00e5n Johanna Nordstr\u00f6ms Instagram.<\/p>\n<p>\u00d6ppna bild i helsk\u00e4rm<img loading=\"lazy\"   alt=\"\"\/><\/p>\n<p>Adam Smedberg med sonen.<\/p>\n<p>Foto: Instagram<\/p>\n<p>\u00d6ppna bild i helsk\u00e4rm<img loading=\"lazy\"   alt=\"\"\/><\/p>\n<p>Poddprofilerna Johanna Nordstr\u00f6m och Edvin T\u00f6rnblom.<\/p>\n<p>Foto: KARIN T\u00d6RNBLOM \/ IBL<\/p>\n<p>\u00d6ppna bild i helsk\u00e4rm<\/p>\n<p>Komikern, programledaren och poddaren <a href=\"https:\/\/www.expressen.se\/tagg\/person\/johanna-nordstrom\/\" class=\"\" rel=\"nofollow noopener\" target=\"_blank\">Johanna Nordstr\u00f6m<\/a>, 30, visar upp lyckan med pojkv\u00e4nnen Adam Smedberg, 28 p\u00e5 Instagram.\u00a0<\/p>\n<p>I ett svartvitt bildspel delar hon bilder fr\u00e5n sjukhuset. P\u00e5 en av dem syns pojkv\u00e4nnen h\u00e5lla i deras nyf\u00f6dda son, som ska heta Stellan.\u00a0<\/p>\n<p>I kommentarsf\u00e4ltet har flera k\u00e4nda personer l\u00e4mnat glada tillrop.\u00a0<\/p>\n<p>\u201dGrattis! \u00c5h!\u201d, skriver bland andra programledaren Kristina \u201dKeyyo\u201d Petrushin.<\/p>\n<p>\u201dMen \u00e5h grattis. Starkt jobbat\u201d, skriver influencern Michaela Forni.\u00a0<\/p>\n<p>Avsl\u00f6jade graviditeten i \u201dUrs\u00e4kta\u201d<\/p>\n<p>Det var i januari i \u00e5r som Nordstr\u00f6m avsl\u00f6jade att <a href=\"https:\/\/www.expressen.se\/noje\/johanna-nordstrom-ar-gravid\/\" rel=\"nofollow noopener\" target=\"_blank\">hon var gravid.\u00a0<\/a><\/p>\n<p>\u2013 Okej, jag bara s\u00e4ger det. Eller ska du s\u00e4ga? Jag vet inte hur jag ska s\u00e4ga det bara&#8230; Jag \u00e4r gravid, sa Nordstr\u00f6m i podcasten \u201dUrs\u00e4kta\u201d.\u00a0<\/p>\n<p>Poddkollegan Edvin T\u00f6rnblom beskrev det som \u201dden mest monumentala saken, den st\u00f6rsta f\u00f6r\u00e4ndringen\u201d i hennes liv.<\/p>\n<p>Johanna Nordstr\u00f6m och Adam Smedberg har varit ett par sedan 2022.\u00a0<\/p>\n<p><a href=\"https:\/\/www.instagram.com\/p\/DZnPiP3DS3j\/?img_index=1\" data-provider=\"instagram\" class=\"js-social-embed\" rel=\"nofollow noopener\" target=\"_blank\">https:\/\/www.instagram.com\/p\/DZnPiP3DS3j\/?img_index=1<\/a><script async src=\"\/\/www.instagram.com\/embed.js\"><\/script><\/p>\n","protected":false},"excerpt":{"rendered":"Uppdaterad 15 jun 2026 kl 18.41Publicerad 15 jun 2026 kl 18.30 Bebislycka f\u00f6r Johanna Nordstr\u00f6m!\u00a0 Hon och pojkv\u00e4nnen&hellip;\n","protected":false},"author":2,"featured_media":276817,"comment_status":"","ping_status":"","sticky":false,"template":"","format":"standard","meta":{"footnotes":"","_share_on_mastodon":"0"},"categories":[67],"tags":[104,440,14426,34,31,33,32,30,687,105],"class_list":["post-276816","post","type-post","status-publish","format-standard","has-post-thumbnail","category-underhallning","tag-entertainment","tag-function-unga","tag-person-johanna-nordstrom","tag-se","tag-svenska","tag-sverige","tag-sweden","tag-swedish","tag-topic-graviditet","tag-underhallning"],"share_on_mastodon":{"url":"https:\/\/pubeurope.com\/@se\/116755169744454649","error":""},"_links":{"self":[{"href":"https:\/\/www.europesays.com\/se\/wp-json\/wp\/v2\/posts\/276816","targetHints":{"allow":["GET"]}}],"collection":[{"href":"https:\/\/www.europesays.com\/se\/wp-json\/wp\/v2\/posts"}],"about":[{"href":"https:\/\/www.europesays.com\/se\/wp-json\/wp\/v2\/types\/post"}],"author":[{"embeddable":true,"href":"https:\/\/www.europesays.com\/se\/wp-json\/wp\/v2\/users\/2"}],"replies":[{"embeddable":true,"href":"https:\/\/www.europesays.com\/se\/wp-json\/wp\/v2\/comments?post=276816"}],"version-history":[{"count":0,"href":"https:\/\/www.europesays.com\/se\/wp-json\/wp\/v2\/posts\/276816\/revisions"}],"wp:featuredmedia":[{"embeddable":true,"href":"https:\/\/www.europesays.com\/se\/wp-json\/wp\/v2\/media\/276817"}],"wp:attachment":[{"href":"https:\/\/www.europesays.com\/se\/wp-json\/wp\/v2\/media?parent=276816"}],"wp:term":[{"taxonomy":"category","embeddable":true,"href":"https:\/\/www.europesays.com\/se\/wp-json\/wp\/v2\/categories?post=276816"},{"taxonomy":"post_tag","embeddable":true,"href":"https:\/\/www.europesays.com\/se\/wp-json\/wp\/v2\/tags?post=276816"}],"curies":[{"name":"wp","href":"https:\/\/api.w.org\/{rel}","templated":true}]}}