{"id":276878,"date":"2026-06-15T18:55:12","date_gmt":"2026-06-15T18:55:12","guid":{"rendered":"https:\/\/www.europesays.com\/se\/276878\/"},"modified":"2026-06-15T18:55:12","modified_gmt":"2026-06-15T18:55:12","slug":"producent-dod-under-inspelningen-av-love-island-usa","status":"publish","type":"post","link":"https:\/\/www.europesays.com\/se\/276878\/","title":{"rendered":"Producent d\u00f6d under inspelningen av \u201dLove island USA\u201d"},"content":{"rendered":"<p>Publicerad 15 jun 2026 kl 20.20<\/p>\n<p>James Barker, en av producenterna bakom \u201dLove island USA\u201d, har d\u00f6tt under inspelningen av den \u00e5ttonde s\u00e4songen, skriver <a href=\"https:\/\/www.tmz.com\/2026\/06\/15\/james-barker-dead\/\" rel=\"nofollow noopener\" target=\"_blank\">TMZ<\/a>.<\/p>\n<p>Programmet spelas just nu in p\u00e5 Fiji och ITV America och Peacock kommer att hedra Barker i kommande avsnitt.\u00a0<\/p>\n<p><img   alt=\"\"\/><\/p>\n<p>En producent har d\u00f6tt under inspelningen av \u201dLove island USA\u201d.<\/p>\n<p>Foto: HANNA BRUNL\u00d6F WINDELL<\/p>\n<p>\u00d6ppna bild i helsk\u00e4rm<img loading=\"lazy\"   alt=\"\"\/><\/p>\n<p>Den \u00e5ttonde s\u00e4songen spelas in p\u00e5 Fiji.<\/p>\n<p>Foto: HANNA BRUNL\u00d6F WINDELL<\/p>\n<p>\u00d6ppna bild i helsk\u00e4rm<img loading=\"lazy\"   alt=\"\"\/><\/p>\n<p>Producenten James Barker.<\/p>\n<p>Foto: Instagram<\/p>\n<p>\u00d6ppna bild i helsk\u00e4rm<\/p>\n<p>Det var under f\u00f6rra veckans inspelning p\u00e5 Fiji som James Barker dog, efter att ha drabbats av ett pl\u00f6tsligt sjukdomsfall, enligt uppgifter till TMZ.<\/p>\n<p>Exakta omst\u00e4ndigheter kring d\u00f6dsfallet \u00e4r fortfarande oklara.<\/p>\n<p>Den \u00e5ttonde s\u00e4songen av amerikanska \u201dLove island\u201d hade premi\u00e4r i USA i b\u00f6rjan av juni och i n\u00e4sta avsnitt, som s\u00e4nds p\u00e5 tisdagen, kommer <a href=\"https:\/\/www.expressen.se\/tagg\/organization\/itv\/\" class=\"\" rel=\"nofollow noopener\" target=\"_blank\">ITV<\/a> America och Peacock uppm\u00e4rksamma Barkers bortg\u00e5ng, enligt sajten.\u00a0<\/p>\n<p>I ett uttalande till TMZ beskriver kanalen honom som en viktig del av produktionen bakom realityserien.<\/p>\n<p>\u2013 ITV:s och Peacocks f\u00f6rlust har k\u00e4nts djupt, inte bara bland de i produktionen kring \u201dLove island USA\u201d, utan i hela ITV och Peacock.<\/p>\n<p>Vidare meddelar kanalen att Barker var mycket uppskattad av kollegerna.<\/p>\n<p>\u2013 Han var en \u00e4lskad och h\u00f6gt v\u00e4rderad medlem av v\u00e5r gemensamma familj, vars v\u00e4nlighet, talang och engagemang l\u00e4mnade ett outpl\u00e5nligt avtryck hos oss alla och hos alla som hade f\u00f6rm\u00e5nen att k\u00e4nna och arbeta med honom.<\/p>\n<p>Enligt Barkers LinkedIn b\u00f6rjade han arbeta p\u00e5 ITV America omkring augusti 2020. Under \u00e5rens lopp arbetade han till och fr\u00e5n med franchisen, innan han blev heltidsanst\u00e4lld som exekutiv producent i januari 2026.<\/p>\n<p><a href=\"https:\/\/www.instagram.com\/p\/ClaDodzOcMB\/?hidecaption=true\" data-provider=\"instagram\" class=\"js-social-embed\" rel=\"nofollow noopener\" target=\"_blank\">https:\/\/www.instagram.com\/p\/ClaDodzOcMB\/?hidecaption=true<\/a><script async src=\"\/\/www.instagram.com\/embed.js\"><\/script><\/p>\n","protected":false},"excerpt":{"rendered":"Publicerad 15 jun 2026 kl 20.20 James Barker, en av producenterna bakom \u201dLove island USA\u201d, har d\u00f6tt under&hellip;\n","protected":false},"author":2,"featured_media":276879,"comment_status":"","ping_status":"","sticky":false,"template":"","format":"standard","meta":{"footnotes":"","_share_on_mastodon":"0"},"categories":[67],"tags":[104,440,24101,14657,34,645,31,33,32,30,427,218,105],"class_list":["post-276878","post","type-post","status-publish","format-standard","has-post-thumbnail","category-underhallning","tag-entertainment","tag-function-unga","tag-organization-itv","tag-organization-love-island","tag-se","tag-sections-tv","tag-svenska","tag-sverige","tag-sweden","tag-swedish","tag-topic-dodsfall","tag-topic-realityprogram","tag-underhallning"],"share_on_mastodon":{"url":"https:\/\/pubeurope.com\/@se\/116755649521597910","error":""},"_links":{"self":[{"href":"https:\/\/www.europesays.com\/se\/wp-json\/wp\/v2\/posts\/276878","targetHints":{"allow":["GET"]}}],"collection":[{"href":"https:\/\/www.europesays.com\/se\/wp-json\/wp\/v2\/posts"}],"about":[{"href":"https:\/\/www.europesays.com\/se\/wp-json\/wp\/v2\/types\/post"}],"author":[{"embeddable":true,"href":"https:\/\/www.europesays.com\/se\/wp-json\/wp\/v2\/users\/2"}],"replies":[{"embeddable":true,"href":"https:\/\/www.europesays.com\/se\/wp-json\/wp\/v2\/comments?post=276878"}],"version-history":[{"count":0,"href":"https:\/\/www.europesays.com\/se\/wp-json\/wp\/v2\/posts\/276878\/revisions"}],"wp:featuredmedia":[{"embeddable":true,"href":"https:\/\/www.europesays.com\/se\/wp-json\/wp\/v2\/media\/276879"}],"wp:attachment":[{"href":"https:\/\/www.europesays.com\/se\/wp-json\/wp\/v2\/media?parent=276878"}],"wp:term":[{"taxonomy":"category","embeddable":true,"href":"https:\/\/www.europesays.com\/se\/wp-json\/wp\/v2\/categories?post=276878"},{"taxonomy":"post_tag","embeddable":true,"href":"https:\/\/www.europesays.com\/se\/wp-json\/wp\/v2\/tags?post=276878"}],"curies":[{"name":"wp","href":"https:\/\/api.w.org\/{rel}","templated":true}]}}