{"id":27750,"date":"2025-09-11T20:23:08","date_gmt":"2025-09-11T20:23:08","guid":{"rendered":"https:\/\/www.europesays.com\/se\/27750\/"},"modified":"2025-09-11T20:23:08","modified_gmt":"2025-09-11T20:23:08","slug":"premiarministerns-oro-efter-connor-mcdavids-ord-det-ar-kris-nhl","status":"publish","type":"post","link":"https:\/\/www.europesays.com\/se\/27750\/","title":{"rendered":"Premi\u00e4rministerns oro \u2013 efter Connor McDavids ord: \u201dDet \u00e4r kris\u201d | NHL"},"content":{"rendered":"<p>Publicerad 11 sep 2025 kl 22.16<\/p>\n<p>Det \u00e4r kris i Kanada, uppger landets premi\u00e4rminister.<\/p>\n<p>Varf\u00f6r?<\/p>\n<p>Connor McDavid har inte skrivit p\u00e5 f\u00f6r Edmonton \u00e4n.<\/p>\n<p>\u2013 Det \u00e4r en djup spricka, s\u00e4ger Mark Carney.\u00a0<\/p>\n<p>Nubben: \u201dHV71:s st\u00f6rsta misstag var att sparka Tommy\u201d<img loading=\"lazy\"   alt=\"\"\/><\/p>\n<p>Connor McDavid.<\/p>\n<p>Foto: JEFF MCINTOSH \/ AP TT NYHETSBYR\u00c5N<\/p>\n<p>\u00d6ppna bild i helsk\u00e4rm<img loading=\"lazy\"   alt=\"\"\/> <\/p>\n<p>Foto: JEFF MCINTOSH \/ AP TT NYHETSBYR\u00c5N<\/p>\n<p>\u00d6ppna bild i helsk\u00e4rm<img loading=\"lazy\"   alt=\"\"\/><\/p>\n<p>Mark Carney, premi\u00e4rminister i Kanada.<\/p>\n<p>Foto: AMBER BRACKEN \/ AP TT NYHETSBYR\u00c5N<\/p>\n<p>\u00d6ppna bild i helsk\u00e4rm<\/p>\n<p>Med en knapp m\u00e5nad kvar till NHL-s\u00e4songen 25\/26 kretsar det mesta kring en man i ligan: <a href=\"https:\/\/www.expressen.se\/tagg\/person\/connor-mcdavid\/\" class=\"\" rel=\"nofollow noopener\" target=\"_blank\">Connor McDavid<\/a>.\u00a0<\/p>\n<p>Som s\u00e5 m\u00e5nga g\u00e5nger f\u00f6rr har superstj\u00e4rnan hamnat i nyhetsspalterna, men denna g\u00e5ng handlar det inte om hans kvaliteter p\u00e5 isen utan ryktena som omsusar honom utanf\u00f6r den.\u00a0<\/p>\n<p>McDavid har n\u00e4mligen bara ett \u00e5r kvar p\u00e5 sitt nuvarande kontrakt med Edmonton och har sedan 1 juli i somras haft m\u00f6jlighet att f\u00f6rl\u00e4nga avtalet men valt att avvakta.\u00a0<\/p>\n<p>Det har nu skapat en stor oro hos klubbens supportrar \u2013 d\u00e4ribland Kanadas premi\u00e4rminister Mark Carney, som i veckan h\u00f6ll ett anf\u00f6rande inf\u00f6r Kanadas liberala parti.<\/p>\n<p>\u2013 L\u00e5t oss inse det&#8230; Vi befinner oss i en kris. Det globala handelssystemet \u00e4r omkullkastat, leveranskedjorna har f\u00f6rst\u00f6rts och&#8230; McDavid har inte skrivit p\u00e5.\u00a0<\/p>\n<p>Carney har l\u00e4nge varit \u00f6ppen med sitt supporterskap till Edmonton, som inte vunnit Stanley Cup sedan 1990.\u00a0<\/p>\n<p>\u2013 Det h\u00e4r \u00e4r inte ett s\u00e5r, det \u00e4r en djup spricka. Det \u00e4r i tider som dessa man m\u00e5ste f\u00f6rst\u00e5 vad man har&#8230; Draisaitl, Hyman, Nugent-Hopkins. Vi m\u00e5ste dra nytta av v\u00e5ra styrkor och v\u00e5ra v\u00e4rderingar, forts\u00e4tter han och bland publiken h\u00f6rs h\u00f6ga skratt.\u00a0<\/p>\n<p>McDavid kan flytta<\/p>\n<p>Premi\u00e4rministern sk\u00e4mtade sedan om att Kanada kan t\u00e4nka sig att g\u00f6ra om sin kommande budget f\u00f6r att den ska passa Connor McDavid och i slut\u00e4ndan hj\u00e4lpa Edmonton vinna Stanley Cup.<\/p>\n<p>\u2013 Connor, om det finns n\u00e5got vi kan g\u00f6ra i budgeten fram\u00f6ver&#8230; Vi kommer spendera mindre, vi kommer investera mer, s\u00e5 att vi kan ta Stanley Cup hem till Kanada igen.\u00a0<\/p>\n<p>McDavid har sj\u00e4lv inte velat avsl\u00f6ja n\u00e4r eller om han ens kommer skriva p\u00e5 f\u00f6r Edmonton. I en intervju f\u00f6rra veckan ber\u00e4ttade han att vad som helst kan h\u00e4nda.<\/p>\n<p>\u2013 Alla alternativ \u00e4r kvar p\u00e5 bordet. Det kan betyda ett kortare avtal, ett l\u00e4ngre avtal, inget avtal alls.<\/p>\n","protected":false},"excerpt":{"rendered":"Publicerad 11 sep 2025 kl 22.16 Det \u00e4r kris i Kanada, uppger landets premi\u00e4rminister. Varf\u00f6r? Connor McDavid har&hellip;\n","protected":false},"author":2,"featured_media":27751,"comment_status":"","ping_status":"","sticky":false,"template":"","format":"standard","meta":{"footnotes":""},"categories":[68],"tags":[3197,34,255,256,111,110,31,33,32,30],"class_list":{"0":"post-27750","1":"post","2":"type-post","3":"status-publish","4":"format-standard","5":"has-post-thumbnail","7":"category-sport","8":"tag-person-connor-mcdavid","9":"tag-se","10":"tag-sections-ishockey","11":"tag-sections-nhl","12":"tag-sport","13":"tag-sports","14":"tag-svenska","15":"tag-sverige","16":"tag-sweden","17":"tag-swedish"},"share_on_mastodon":{"url":"","error":""},"_links":{"self":[{"href":"https:\/\/www.europesays.com\/se\/wp-json\/wp\/v2\/posts\/27750","targetHints":{"allow":["GET"]}}],"collection":[{"href":"https:\/\/www.europesays.com\/se\/wp-json\/wp\/v2\/posts"}],"about":[{"href":"https:\/\/www.europesays.com\/se\/wp-json\/wp\/v2\/types\/post"}],"author":[{"embeddable":true,"href":"https:\/\/www.europesays.com\/se\/wp-json\/wp\/v2\/users\/2"}],"replies":[{"embeddable":true,"href":"https:\/\/www.europesays.com\/se\/wp-json\/wp\/v2\/comments?post=27750"}],"version-history":[{"count":0,"href":"https:\/\/www.europesays.com\/se\/wp-json\/wp\/v2\/posts\/27750\/revisions"}],"wp:featuredmedia":[{"embeddable":true,"href":"https:\/\/www.europesays.com\/se\/wp-json\/wp\/v2\/media\/27751"}],"wp:attachment":[{"href":"https:\/\/www.europesays.com\/se\/wp-json\/wp\/v2\/media?parent=27750"}],"wp:term":[{"taxonomy":"category","embeddable":true,"href":"https:\/\/www.europesays.com\/se\/wp-json\/wp\/v2\/categories?post=27750"},{"taxonomy":"post_tag","embeddable":true,"href":"https:\/\/www.europesays.com\/se\/wp-json\/wp\/v2\/tags?post=27750"}],"curies":[{"name":"wp","href":"https:\/\/api.w.org\/{rel}","templated":true}]}}