{"id":277536,"date":"2026-06-16T11:22:13","date_gmt":"2026-06-16T11:22:13","guid":{"rendered":"https:\/\/www.europesays.com\/se\/277536\/"},"modified":"2026-06-16T11:22:13","modified_gmt":"2026-06-16T11:22:13","slug":"alexandra-pascalidou-om-kulturkanon-karlek-kan-inte-kommenderas-fram","status":"publish","type":"post","link":"https:\/\/www.europesays.com\/se\/277536\/","title":{"rendered":"Alexandra Pascalidou om kulturkanon: K\u00e4rlek kan inte kommenderas fram"},"content":{"rendered":"<p>Publicerad 16 jun 2026 kl 12.00<\/p>\n<p>Den svenska kulturkanonen v\u00e4cker fr\u00e5gor om vem som formar ber\u00e4ttelsen om Sverige.\u00a0<\/p>\n<p>Alexandra Pascalidou tycker att den statligt sanktionerade listan \u00e4r ett tveksamt projekt.<\/p>\n<p><img   alt=\"\"\/><\/p>\n<p>Karl Gerhards \u201dDen \u00f6k\u00e4nda h\u00e4sten fr\u00e5n Troja\u201d \u00e4r med i En svensk kulturkanon.<\/p>\n<p>Foto: KAMERAREPORTAGE\/IBL<\/p>\n<p>\u00d6ppna bild i helsk\u00e4rm<img loading=\"lazy\"   alt=\"\"\/><\/p>\n<p>Alexandra Pascalidou \u00e4r f\u00f6rfattare, journalist och dramatiker.<\/p>\n<p>Foto: Thron Ullberg \/ Alexandra Pascalidou.com<\/p>\n<p>\u00d6ppna bild i helsk\u00e4rm<img loading=\"lazy\"   alt=\"\"\/><\/p>\n<p>Lars Tr\u00e4g\u00e5rdh \u00e4r historiker och f\u00f6rel\u00e4sare.<\/p>\n<p>Foto: LISA MATTISSON<\/p>\n<p>\u00d6ppna bild i helsk\u00e4rm<\/p>\n<p><strong>KULTURDEBATT. <\/strong>I dag ska jag samtala med<strong> Lars Tr\u00e4g\u00e5rdh<\/strong> p\u00e5 \u201dMalm\u00f6 m\u00f6ts\u201d under rubriken \u201dKulturkanon \u2013 vem formar ber\u00e4ttelsen om Sverige?\u201d.\u00a0<\/p>\n<p>Jag tycker om Lars Tr\u00e4g\u00e5rdh. Han \u00e4r bildad, nyfiken och s\u00e5 d\u00e4r amerikanskt gener\u00f6s efter sina 40 \u00e5r i USA. Jag k\u00e4nner igen mig i honom. I utvandrarens nostalgi. I \u00e5terv\u00e4ndandet till ett hemland som f\u00f6r\u00e4ndrats medan man varit borta. Vi \u00e4r b\u00e5da formade av r\u00f6relser \u00f6ver gr\u00e4nser. Han reste ut och kom tillbaka. Jag reste in och stannade.<\/p>\n<p>N\u00e4r vi senast m\u00f6ttes i ett samtal gick jag d\u00e4rifr\u00e5n med fler fr\u00e5gor \u00e4n svar. Vilket \u00e4r ett gott betyg. Kultur som l\u00e4mnar oss med f\u00e4rdiga svar \u00e4r s\u00e4llan intressant.<\/p>\n<p>Men sedan b\u00f6rjade jag t\u00e4nka. Det \u00e4r alltid d\u00e5 problemen b\u00f6rjar.<\/p>\n<p>Lars Tr\u00e4g\u00e5rdh har f\u00e5tt ett av de mest om\u00f6jliga uppdrag: Att sammanfatta Sverige i 100 verk. Som om den svenska sj\u00e4len vore en inventarielista hos Skatteverket. Som om man kunde v\u00e4ga <strong>Selma Lagerl\u00f6f <\/strong>mot <strong>August Strindberg<\/strong>, l\u00e4gga<strong> Astrid Lindgren<\/strong> i ena v\u00e5gsk\u00e5len och <strong>Evert Taube<\/strong> i den andra och sedan komma fram till ett exakt m\u00e5tt p\u00e5 svenskhet.<\/p>\n<p>Nu f\u00f6resl\u00e5s en ny stiftelse med en prislapp p\u00e5 omkring 170 miljoner kronor f\u00f6r att sprida och f\u00f6rvalta kanonen.\u00a0N\u00e4r jag h\u00f6r s\u00e5dana summor vaknar min inre grekiska mamma. Hon b\u00f6rjar omedelbart r\u00e4kna. Hur m\u00e5nga bibliotek kan f\u00f6rl\u00e4nga \u00f6ppettiderna? Hur m\u00e5nga fioler kan k\u00f6pas in? Hur m\u00e5nga teaterbiljetter kan delas ut? Hur m\u00e5nga kulturskolor kan r\u00e4ddas?<\/p>\n<blockquote><p>Sj\u00e4lv v\u00e4xte jag upp i ett hem utan b\u00f6cker och akademiska examina.<\/p><\/blockquote>\n<p>Men jag tror inte att k\u00e4rlek kan kommenderas fram. Och kultur \u00e4r, precis som k\u00e4rleken, en relation. Ingen m\u00e4nniska har n\u00e5gonsin blivit f\u00f6r\u00e4lskad efter att ha f\u00e5tt ett myndighetsbeslut hemskickat. Ingen har t\u00e4nkt: \u201d\u00c4lskling, efter noggrant \u00f6verv\u00e4gande och med st\u00f6d i f\u00f6rordning 2026:14 har jag beslutat att \u00e4lska dig.\u201d<\/p>\n<p>Ingen b\u00f6rjar \u00e4lska poesi f\u00f6r att staten ber dem. Ingen gr\u00e5ter till en roman d\u00e4rf\u00f6r att en kommitt\u00e9 rekommenderar den. Ingen uppt\u00e4cker litteraturen d\u00e4rf\u00f6r att n\u00e5gon pekar med hela handen och s\u00e4ger: L\u00e4s detta s\u00e5 blir du svensk!<\/p>\n<p>Sj\u00e4lv v\u00e4xte jag upp i ett hem utan b\u00f6cker och akademiska examina. Det som f\u00f6r\u00e4ndrade mitt liv var inte en lista. Det var folkbiblioteket och kommunala musikskolan. Det var en pianol\u00e4rare med t\u00e5lamod nog att st\u00e5 ut med mina \u00f6vergrepp p\u00e5 tangenterna n\u00e4r jag hamrade fram Till Paris, till Paris.\u00a0Det var <strong>Marjatta <\/strong>p\u00e5 biblioteket i Rinkeby som introducerade mig f\u00f6r Astrid Lindgren, Selma Lagerl\u00f6f<strong> <\/strong>och <strong>Vilhelm Moberg<\/strong> l\u00e5ngt innan n\u00e5gon kom p\u00e5 id\u00e9n att g\u00f6ra dem till integrationsverktyg. D\u00e4r b\u00f6rjade min klassresa.\u00a0<\/p>\n<p><img loading=\"lazy\"   alt=\"\"\/><\/p>\n<p>Bibliotekarien i Rinkeby tipsade om Astrid Lindgren&#8230;<\/p>\n<p>Foto: Jan Collsi\u00f6\u00f6 \/ TT NYHETSBYR\u00c5N<\/p>\n<p>\u00d6ppna bild i helsk\u00e4rm<img loading=\"lazy\"   alt=\"\"\/><\/p>\n<p>&#8230;Selma Lagerl\u00f6f och&#8230;<\/p>\n<p>Foto: TT NYHETSBYR\u00c5N<\/p>\n<p>\u00d6ppna bild i helsk\u00e4rm<img loading=\"lazy\"   alt=\"\"\/><\/p>\n<p>&#8230;Vilhelm Mobergs b\u00f6cker.<\/p>\n<p>Foto: JAN DELDEN<\/p>\n<p>\u00d6ppna bild i helsk\u00e4rm<\/p>\n<p>Men det mest fascinerande med kulturkanonen \u00e4r att den ledde mig till <strong>Karl Gerhard<\/strong>. Och f\u00f6r det \u00e4r jag genuint tacksam. N\u00e4r jag l\u00e4ste om \u201dDen \u00f6k\u00e4nda h\u00e4sten fr\u00e5n Troja\u201d slog det mig att kulturkanonen inneh\u00e5ller sin egen kritik. Av alla verk man kunde v\u00e4lja hamnade en kuplett vars budskap i princip \u00e4r: Var f\u00f6rsiktig med h\u00e4sten som kommer med g\u00e5vor.<\/p>\n<p>Karl Gerhard skrev den 1940 n\u00e4r stora delar av Europa hukade inf\u00f6r nazismen. Han var en av sin tids modigaste kulturarbetare. Med satirens vassaste verktyg angrep han eftergivenheten, blindheten, fegheten och oviljan att se det som fanns rakt framf\u00f6r \u00f6gonen. Och han blev censurerad.\u00a0<\/p>\n<p>Annons<\/p>\n<p>Karl Gerhard hade f\u00f6rmodligen roats av ironin. Av alla verk som kunnat lyftas fram i kulturkanonen valde staten en kuplett vars budskap i grunden \u00e4r att vara misst\u00e4nksam mot maktens g\u00e5vor. Han hade sannolikt tackat f\u00f6r uppm\u00e4rksamheten, skrivit en ny satir samma kv\u00e4ll och d\u00e4refter riktat str\u00e5lkastaren mot sj\u00e4lva projektet.<\/p>\n<p>Sverige har redan institutioner som \u00e4gnat generationer \u00e5t att v\u00e5rda litteraturen och kulturen: biblioteken, universiteten, f\u00f6rlagen, teatrarna, folkbildningen, studief\u00f6rbunden, <a href=\"https:\/\/www.expressen.se\/tagg\/organization\/svenska-akademien\/\" class=\"\" rel=\"nofollow noopener\" target=\"_blank\">Svenska Akademien<\/a> och Litteraturbanken. Ingen av dem har byggt sin verksamhet p\u00e5 att tala om f\u00f6r m\u00e4nniskor vad de ska l\u00e4sa. De har \u00f6ppnat d\u00f6rrar, v\u00e4ckt nyfikenhet och gjort det m\u00f6jligt f\u00f6r m\u00e4nniskor att hitta fram till litteraturen p\u00e5 egen hand.<\/p>\n<p>Kulturens uppgift \u00e4r inte att fungera som nationens skyltf\u00f6nster. Den ska st\u00e4lla fr\u00e5gor, skapa friktion och ge plats \u00e5t ber\u00e4ttelser som \u00e4nnu inte f\u00e5tt h\u00f6ras. Det \u00e4r d\u00e4rf\u00f6r kulturen alltid \u00e4r lite st\u00f6rre, lite st\u00f6kigare och lite mer sv\u00e5rf\u00e5ngad \u00e4n de system som f\u00f6rs\u00f6ker ordna den.<\/p>\n<blockquote><p>Ber\u00e4ttelsen om Sverige skrivs varje dag.<\/p><\/blockquote>\n<p>Inte heller kan ber\u00e4ttelsen om Sverige reduceras till hundra verk f\u00f6re 1975. Det r\u00e5kar ocks\u00e5 vara \u00e5ret d\u00e5 jag kom hit. Som om Sverige slutade skriva nya kapitel precis n\u00e4r vi andra klev in i ber\u00e4ttelsen.<\/p>\n<p>Ber\u00e4ttelsen om Sverige skrivs varje dag. Den skrivs i klassrum och bibliotek, i replokaler och p\u00e5 teaterscener, i storst\u00e4der, f\u00f6rorter och avfolkningsorter. Den skrivs av m\u00e4nniskor som \u00e4nnu inte publicerat sin f\u00f6rsta bok och av barn som just nu l\u00e5nar sin allra f\u00f6rsta roman.<\/p>\n<p>Den dag staten tror att den kan f\u00e5nga Sverige mellan tv\u00e5 p\u00e4rmar har ber\u00e4ttelsen redan g\u00e5tt vidare. F\u00f6r Sverige \u00e4r inget arkiv. Sverige \u00e4r ett p\u00e5g\u00e5ende samtal d\u00e4r nya m\u00e4nniskor st\u00e4ndigt kliver in och skriver n\u00e4sta kapitel.<\/p>\n<p>Alexandra Pascalidou \u00e4r journalist, f\u00f6rfattare och dramatiker.<\/p>\n<p><strong>Fotnot. I dag 16.00 samtalar Alexandra Pascalidou med Lars Tr\u00e4g\u00e5rdh p\u00e5 Malm\u00f6 m\u00f6ter.<\/strong><\/p>\n","protected":false},"excerpt":{"rendered":"Publicerad 16 jun 2026 kl 12.00 Den svenska kulturkanonen v\u00e4cker fr\u00e5gor om vem som formar ber\u00e4ttelsen om Sverige.\u00a0&hellip;\n","protected":false},"author":2,"featured_media":277537,"comment_status":"","ping_status":"","sticky":false,"template":"","format":"standard","meta":{"footnotes":"","_share_on_mastodon":"0"},"categories":[67],"tags":[104,4801,5670,24212,15554,34,106,31,33,32,30,105],"class_list":["post-277536","post","type-post","status-publish","format-standard","has-post-thumbnail","category-underhallning","tag-entertainment","tag-organization-svenska-akademien","tag-person-astrid-lindgren","tag-person-evert-taube","tag-person-selma-lagerlof","tag-se","tag-sections-ide","tag-svenska","tag-sverige","tag-sweden","tag-swedish","tag-underhallning"],"share_on_mastodon":{"url":"https:\/\/pubeurope.com\/@se\/116759530637894707","error":""},"_links":{"self":[{"href":"https:\/\/www.europesays.com\/se\/wp-json\/wp\/v2\/posts\/277536","targetHints":{"allow":["GET"]}}],"collection":[{"href":"https:\/\/www.europesays.com\/se\/wp-json\/wp\/v2\/posts"}],"about":[{"href":"https:\/\/www.europesays.com\/se\/wp-json\/wp\/v2\/types\/post"}],"author":[{"embeddable":true,"href":"https:\/\/www.europesays.com\/se\/wp-json\/wp\/v2\/users\/2"}],"replies":[{"embeddable":true,"href":"https:\/\/www.europesays.com\/se\/wp-json\/wp\/v2\/comments?post=277536"}],"version-history":[{"count":0,"href":"https:\/\/www.europesays.com\/se\/wp-json\/wp\/v2\/posts\/277536\/revisions"}],"wp:featuredmedia":[{"embeddable":true,"href":"https:\/\/www.europesays.com\/se\/wp-json\/wp\/v2\/media\/277537"}],"wp:attachment":[{"href":"https:\/\/www.europesays.com\/se\/wp-json\/wp\/v2\/media?parent=277536"}],"wp:term":[{"taxonomy":"category","embeddable":true,"href":"https:\/\/www.europesays.com\/se\/wp-json\/wp\/v2\/categories?post=277536"},{"taxonomy":"post_tag","embeddable":true,"href":"https:\/\/www.europesays.com\/se\/wp-json\/wp\/v2\/tags?post=277536"}],"curies":[{"name":"wp","href":"https:\/\/api.w.org\/{rel}","templated":true}]}}