{"id":27793,"date":"2025-09-11T22:53:32","date_gmt":"2025-09-11T22:53:32","guid":{"rendered":"https:\/\/www.europesays.com\/se\/27793\/"},"modified":"2025-09-11T22:53:32","modified_gmt":"2025-09-11T22:53:32","slug":"nya-uppgifter-om-mordet-pa-hisingen-avlossade-flera-skott-krim","status":"publish","type":"post","link":"https:\/\/www.europesays.com\/se\/27793\/","title":{"rendered":"Nya uppgifter om mordet p\u00e5 Hisingen \u2013 avlossade flera skott | Krim"},"content":{"rendered":"<p>Publicerad 10 sep 2025 kl 12.39Uppdaterad kl 13.22<\/p>\n<p>Flera personer s\u00e5g delar av h\u00e4ndelsef\u00f6rloppen n\u00e4r en man i 35-\u00e5rs\u00e5ldern sk\u00f6ts till d\u00f6ds p\u00e5 Hisingen i tisdags.<\/p>\n<p>G\u00e4rningsmannen avlossade flera skott och f\u00f6rsvann fr\u00e5n platsen p\u00e5 en sparkcykel, enligt uppgifter till Expressen.<\/p>\n<p><img loading=\"lazy\"   alt=\"\"\/><\/p>\n<p>En man med g\u00e4ngkoppling sk\u00f6ts ihj\u00e4l p\u00e5 Hisingen p\u00e5 tisdagen.<\/p>\n<p>Foto: HANNA BRUNL\u00d6F<\/p>\n<p>\u00d6ppna bild i helsk\u00e4rm<img loading=\"lazy\"   alt=\"\"\/> <\/p>\n<p>Foto: HANNA BRUNL\u00d6F<\/p>\n<p>\u00d6ppna bild i helsk\u00e4rm<\/p>\n<p>En man i 35-\u00e5rs\u00e5ldern sk\u00f6ts till d\u00f6ds p\u00e5 Hisingen i G\u00f6teborg p\u00e5 tisdagen. Polisen larmades till platsen klockan 18.44.<\/p>\n<p>Mordet \u00e4gde rum n\u00e4ra en skola i Tolered samtidigt som det h\u00f6lls ett f\u00f6r\u00e4ldram\u00f6te i skolan, enligt polisen och flera minder\u00e5riga barn uppges ha varit i r\u00f6relse i omr\u00e5det vid tiden f\u00f6r d\u00e5det.<\/p>\n<p>Enligt uppgifter till Expressen har flera personer bevittnat delar av f\u00f6rloppet.\u00a0<\/p>\n<p>G\u00e4rningsmannen var maskerad, bar varselv\u00e4st och avlossade ett stort antal skott innan personen f\u00f6rsvann fr\u00e5n platsen p\u00e5 en elsparkcykel, enligt Expressens uppgifter. \u00a0<\/p>\n<p>Kopplas till kriminellt g\u00e4ng<\/p>\n<p>Mannen som m\u00f6rdades har enligt Expressens uppgifter varit en tongivande figur i s\u00f6dra <a href=\"https:\/\/www.expressen.se\/tagg\/location\/biskopsgarden\/\" class=\"\" rel=\"nofollow noopener\" target=\"_blank\">Biskopsg\u00e5rden<\/a> i \u00f6ver ett decennium och mordet kopplas till den \u00f6ver tio \u00e5r l\u00e5nga konflikten mellan g\u00e4ngen i norra och s\u00f6dra Biskopsg\u00e5rden.<\/p>\n<p>Mordet misst\u00e4nks vara en h\u00e4mnd f\u00f6r <a href=\"https:\/\/www.expressen.se\/nyheter\/krim\/polisen-om-dubbelmordet-i-lunden-i-goteborg\/\" rel=\"nofollow noopener\" target=\"_blank\">dubbelmordet<\/a> f\u00f6r en vecka sedan d\u00e5 tv\u00e5 m\u00e4n med kopplingar till norra Biskopsg\u00e5rden sk\u00f6ts ihj\u00e4l i en bil i Lunden.\u00a0<\/p>\n","protected":false},"excerpt":{"rendered":"Publicerad 10 sep 2025 kl 12.39Uppdaterad kl 13.22 Flera personer s\u00e5g delar av h\u00e4ndelsef\u00f6rloppen n\u00e4r en man i&hellip;\n","protected":false},"author":2,"featured_media":27794,"comment_status":"","ping_status":"","sticky":false,"template":"","format":"standard","meta":{"footnotes":""},"categories":[12],"tags":[22,23,26,27,17,21,24,25,3147,239,3146,28,29,15,16,18,34,666,31,33,32,30,19,668,436,20],"class_list":{"0":"post-27793","1":"post","2":"type-post","3":"status-publish","4":"format-standard","5":"has-post-thumbnail","7":"category-sverige","8":"tag-breaking-news","9":"tag-breakingnews","10":"tag-featured-news","11":"tag-featurednews","12":"tag-headlines","13":"tag-huvudnyheter","14":"tag-latest-news","15":"tag-latestnews","16":"tag-location-biskopsgarden","17":"tag-location-goteborg","18":"tag-location-hisingen","19":"tag-main-news","20":"tag-mainnews","21":"tag-news","22":"tag-nyheter","23":"tag-rubriker","24":"tag-se","25":"tag-sections-krim","26":"tag-svenska","27":"tag-sverige","28":"tag-sweden","29":"tag-swedish","30":"tag-top-stories","31":"tag-topic-gangkriminalitet","32":"tag-topic-valdsbrott-mord","33":"tag-topstories"},"share_on_mastodon":{"url":"","error":""},"_links":{"self":[{"href":"https:\/\/www.europesays.com\/se\/wp-json\/wp\/v2\/posts\/27793","targetHints":{"allow":["GET"]}}],"collection":[{"href":"https:\/\/www.europesays.com\/se\/wp-json\/wp\/v2\/posts"}],"about":[{"href":"https:\/\/www.europesays.com\/se\/wp-json\/wp\/v2\/types\/post"}],"author":[{"embeddable":true,"href":"https:\/\/www.europesays.com\/se\/wp-json\/wp\/v2\/users\/2"}],"replies":[{"embeddable":true,"href":"https:\/\/www.europesays.com\/se\/wp-json\/wp\/v2\/comments?post=27793"}],"version-history":[{"count":0,"href":"https:\/\/www.europesays.com\/se\/wp-json\/wp\/v2\/posts\/27793\/revisions"}],"wp:featuredmedia":[{"embeddable":true,"href":"https:\/\/www.europesays.com\/se\/wp-json\/wp\/v2\/media\/27794"}],"wp:attachment":[{"href":"https:\/\/www.europesays.com\/se\/wp-json\/wp\/v2\/media?parent=27793"}],"wp:term":[{"taxonomy":"category","embeddable":true,"href":"https:\/\/www.europesays.com\/se\/wp-json\/wp\/v2\/categories?post=27793"},{"taxonomy":"post_tag","embeddable":true,"href":"https:\/\/www.europesays.com\/se\/wp-json\/wp\/v2\/tags?post=27793"}],"curies":[{"name":"wp","href":"https:\/\/api.w.org\/{rel}","templated":true}]}}