{"id":27856,"date":"2025-09-12T03:14:07","date_gmt":"2025-09-12T03:14:07","guid":{"rendered":"https:\/\/www.europesays.com\/se\/27856\/"},"modified":"2025-09-12T03:14:07","modified_gmt":"2025-09-12T03:14:07","slug":"kvinna-trodde-det-var-gunther-marder-lurades-i-bedrageriharva","status":"publish","type":"post","link":"https:\/\/www.europesays.com\/se\/27856\/","title":{"rendered":"Kvinna trodde det var G\u00fcnther M\u00e5rder \u2013 lurades i bedr\u00e4gerih\u00e4rva"},"content":{"rendered":"<p>Publicerad 12 sep 2025 kl 05.00<\/p>\n<p>PremiumHej, jag heter G\u00fcnther.<\/p>\n<p>S\u00e5 inleds bluffen som f\u00e5r pension\u00e4ren Lena att s\u00e4lja sin kapitalf\u00f6rs\u00e4kring och satsa allt p\u00e5 aktier i ett litet amerikansk bolag.<\/p>\n<p>Inom n\u00e5gra veckor har aktien rasat 95 procent.<\/p>\n<p>\u2013\u00a0Det k\u00e4nns pinsamt, s\u00e4ger hon.<\/p>\n<p> Chatten som avsl\u00f6jar hur bedragarna manipulerar offren.<\/p>\n<p> K\u00e4nda sparprofilen som utnyttjas: Bedr\u00f6vligt!<\/p>\n<p><img   alt=\"\"\/><\/p>\n<p>\u201dLena\u201d trodde att hon gjort en succ\u00e9investering men lurades i st\u00e4llet p\u00e5 95 000 kronor.<\/p>\n<p>Foto: Fresh Stocks \/ Shutterstock<\/p>\n<p>\u00d6ppna bild i helsk\u00e4rm<\/p>\n","protected":false},"excerpt":{"rendered":"Publicerad 12 sep 2025 kl 05.00 PremiumHej, jag heter G\u00fcnther. S\u00e5 inleds bluffen som f\u00e5r pension\u00e4ren Lena att&hellip;\n","protected":false},"author":2,"featured_media":27857,"comment_status":"","ping_status":"","sticky":false,"template":"","format":"standard","meta":{"footnotes":""},"categories":[65],"tags":[72,70,71,760,3204,3203,103,34,607,31,33,32,30,1307,310,966],"class_list":{"0":"post-27856","1":"post","2":"type-post","3":"status-publish","4":"format-standard","5":"has-post-thumbnail","7":"category-ekonomi","8":"tag-business","9":"tag-economy","10":"tag-ekonomi","11":"tag-organization-facebook","12":"tag-organization-whatsapp","13":"tag-person-gunther-marder","14":"tag-premium","15":"tag-se","16":"tag-sections-konsument","17":"tag-svenska","18":"tag-sverige","19":"tag-sweden","20":"tag-swedish","21":"tag-topic-bedrageri","22":"tag-topic-kandisar","23":"tag-topic-sociala-medier"},"share_on_mastodon":{"url":"","error":""},"_links":{"self":[{"href":"https:\/\/www.europesays.com\/se\/wp-json\/wp\/v2\/posts\/27856","targetHints":{"allow":["GET"]}}],"collection":[{"href":"https:\/\/www.europesays.com\/se\/wp-json\/wp\/v2\/posts"}],"about":[{"href":"https:\/\/www.europesays.com\/se\/wp-json\/wp\/v2\/types\/post"}],"author":[{"embeddable":true,"href":"https:\/\/www.europesays.com\/se\/wp-json\/wp\/v2\/users\/2"}],"replies":[{"embeddable":true,"href":"https:\/\/www.europesays.com\/se\/wp-json\/wp\/v2\/comments?post=27856"}],"version-history":[{"count":0,"href":"https:\/\/www.europesays.com\/se\/wp-json\/wp\/v2\/posts\/27856\/revisions"}],"wp:featuredmedia":[{"embeddable":true,"href":"https:\/\/www.europesays.com\/se\/wp-json\/wp\/v2\/media\/27857"}],"wp:attachment":[{"href":"https:\/\/www.europesays.com\/se\/wp-json\/wp\/v2\/media?parent=27856"}],"wp:term":[{"taxonomy":"category","embeddable":true,"href":"https:\/\/www.europesays.com\/se\/wp-json\/wp\/v2\/categories?post=27856"},{"taxonomy":"post_tag","embeddable":true,"href":"https:\/\/www.europesays.com\/se\/wp-json\/wp\/v2\/tags?post=27856"}],"curies":[{"name":"wp","href":"https:\/\/api.w.org\/{rel}","templated":true}]}}