{"id":27904,"date":"2025-09-12T04:49:07","date_gmt":"2025-09-12T04:49:07","guid":{"rendered":"https:\/\/www.europesays.com\/se\/27904\/"},"modified":"2025-09-12T04:49:07","modified_gmt":"2025-09-12T04:49:07","slug":"biancas-nya-ord-om-sexet-med-eric-hagberg","status":"publish","type":"post","link":"https:\/\/www.europesays.com\/se\/27904\/","title":{"rendered":"Biancas nya ord om sexet med Eric Hagberg"},"content":{"rendered":"<p>Publicerad 12 sep 2025 kl 06.33<\/p>\n<p>Bianca Ingrosso och den tidigare \u201dParadise hotel\u201d-profilen Eric Hagberg fick till det f\u00f6r flera \u00e5r sen.\u00a0<\/p>\n<p>I \u201dWahlgrens v\u00e4rld\u201d avsl\u00f6jar hon nu fler detaljer.\u00a0<\/p>\n<p><img loading=\"lazy\"   alt=\"\"\/> <\/p>\n<p>Foto: HBO max<\/p>\n<p>\u00d6ppna bild i helsk\u00e4rm<img loading=\"lazy\"   alt=\"\"\/><\/p>\n<p>Bianca Ingrosso i \u201dWahlgrens v\u00e4rld\u201d.<\/p>\n<p>Foto: HBO Max<\/p>\n<p>\u00d6ppna bild i helsk\u00e4rm<img loading=\"lazy\"   alt=\"\"\/><\/p>\n<p>Eric Hagberg.<\/p>\n<p>Foto: ROBERT EKLUND \/ STELLA PICTURES<\/p>\n<p>\u00d6ppna bild i helsk\u00e4rm<\/p>\n<p>Det \u00e4r ingen hemlighet att Bianca Ingrosso och den tidigare \u201dParadise hotel\u201d-deltagaren Eric Hagberg har legat med varandra.\u00a0<\/p>\n<p>I sin podcast \u201dHar du sagt A f\u00e5r du s\u00e4ga B\u201d, som Ingrosso hade med Alice Stenl\u00f6f, avsl\u00f6jade entrepren\u00f6ren det hela.\u00a0<\/p>\n<p>N\u00e4r de sen hade en stor showcast i Globen d\u00f6k pl\u00f6tsligt Eric Hagberg upp p\u00e5 sk\u00e4rmen \u2013 och \u00e4ven han bekr\u00e4ftade flingen med en sk\u00e4mtsam fl\u00f6rt.\u00a0<\/p>\n<p>\u2013 Bianca \u2013 till n\u00e4sta g\u00e5ng, s\u00e5 f\u00f6redrar jag lampan t\u00e4nd, sa han d\u00e5.\u00a0<\/p>\n<p>Det hela s\u00e4ndes sen i \u201d<a href=\"https:\/\/www.expressen.se\/tagg\/organization\/wahlgrens-varld\/\" class=\"\" rel=\"nofollow noopener\" target=\"_blank\">Wahlgrens v\u00e4rld<\/a>\u201d.\u00a0<\/p>\n<p>Och i den nya s\u00e4songen av programmet kommer de \u00e4nnu en g\u00e5ng in p\u00e5 flingen och hennes tv\u00e5 v\u00e4nner, som \u00e4r med i programmet, har inte h\u00f6rt om den.\u00a0<\/p>\n<p>\u2013 De har missat det h\u00e4r att jag och Eric Hagberg, \u201dSnygg-Erik\u201d fick till det f\u00f6r en massa \u00e5r sen, s\u00e4ger Ingrosso i programmet.\u00a0<\/p>\n<p>Ville g\u00f6ra Phillipe svartsjuk<\/p>\n<p>Ingrosso ber\u00e4ttar vidare att hon var ute p\u00e5 krogen och hennes ex Philipe Cohen var d\u00e4r.<\/p>\n<p>\u2013 Oh my god, jag kommer ih\u00e5g att jag skulle g\u00f6ra Phillipe svartsjuk. S\u00e5 gick vi ut och Phillipe \u00e5kte hem med en skitsnygg tjej. S\u00e5 skulle jag g\u00e5 hem med honom, s\u00e4ger Ingrosso och syftar p\u00e5 att hon gick hem med Eric Hagberg.\u00a0<\/p>\n<p>Men flirten tog inte slut d\u00e4r.\u00a0<\/p>\n<p>Ingrosso avsl\u00f6jar att de fick till det tv\u00e5 g\u00e5nger.\u00a0<\/p>\n<p>Hennes tidigare assistent Emilie Feola undrar d\u00e5 om det var s\u00e5 pass bra s\u00e5 att det blev tv\u00e5 g\u00e5nger och Ingrosso s\u00e4ger \u201dmm\u201d till svar.\u00a0<\/p>\n<p>Eric Hagberg har <a href=\"https:\/\/www.expressen.se\/noje\/erics-fracka-flort-med-bianca-vagade-draget-trots-pojkvannen\/\" rel=\"nofollow noopener\" target=\"_blank\">tidigare sagt<\/a> i Youtube-serien \u201dIntimt med Bj\u00f6rken\u201d att han var \u201dsugen\u201d p\u00e5 Ingrosso. \u00a0<\/p>\n<p>\u2013 Bianca, jag skulle vilja ha dig, om du vill ha mig, sa han d\u00e5 direkt till henne.\u00a0<\/p>\n<p>Till Expressen skriver Hagberg nu:<\/p>\n<p>\u201dJag \u00f6nskar henne det b\u00e4sta, hoppas hon finner det hon s\u00f6ker som kan stilla hennes hj\u00e4rta, det f\u00f6rtj\u00e4nar hon.\u201d<\/p>\n","protected":false},"excerpt":{"rendered":"Publicerad 12 sep 2025 kl 06.33 Bianca Ingrosso och den tidigare \u201dParadise hotel\u201d-profilen Eric Hagberg fick till det&hellip;\n","protected":false},"author":2,"featured_media":27905,"comment_status":"","ping_status":"","sticky":false,"template":"","format":"standard","meta":{"footnotes":""},"categories":[67],"tags":[104,1823,2681,3205,580,34,31,33,32,30,105],"class_list":{"0":"post-27904","1":"post","2":"type-post","3":"status-publish","4":"format-standard","5":"has-post-thumbnail","7":"category-underhallning","8":"tag-entertainment","9":"tag-organization-paradise-hotel","10":"tag-organization-wahlgrens-varld","11":"tag-person-alice-stenlof","12":"tag-person-bianca-ingrosso","13":"tag-se","14":"tag-svenska","15":"tag-sverige","16":"tag-sweden","17":"tag-swedish","18":"tag-underhallning"},"share_on_mastodon":{"url":"","error":""},"_links":{"self":[{"href":"https:\/\/www.europesays.com\/se\/wp-json\/wp\/v2\/posts\/27904","targetHints":{"allow":["GET"]}}],"collection":[{"href":"https:\/\/www.europesays.com\/se\/wp-json\/wp\/v2\/posts"}],"about":[{"href":"https:\/\/www.europesays.com\/se\/wp-json\/wp\/v2\/types\/post"}],"author":[{"embeddable":true,"href":"https:\/\/www.europesays.com\/se\/wp-json\/wp\/v2\/users\/2"}],"replies":[{"embeddable":true,"href":"https:\/\/www.europesays.com\/se\/wp-json\/wp\/v2\/comments?post=27904"}],"version-history":[{"count":0,"href":"https:\/\/www.europesays.com\/se\/wp-json\/wp\/v2\/posts\/27904\/revisions"}],"wp:featuredmedia":[{"embeddable":true,"href":"https:\/\/www.europesays.com\/se\/wp-json\/wp\/v2\/media\/27905"}],"wp:attachment":[{"href":"https:\/\/www.europesays.com\/se\/wp-json\/wp\/v2\/media?parent=27904"}],"wp:term":[{"taxonomy":"category","embeddable":true,"href":"https:\/\/www.europesays.com\/se\/wp-json\/wp\/v2\/categories?post=27904"},{"taxonomy":"post_tag","embeddable":true,"href":"https:\/\/www.europesays.com\/se\/wp-json\/wp\/v2\/tags?post=27904"}],"curies":[{"name":"wp","href":"https:\/\/api.w.org\/{rel}","templated":true}]}}