{"id":279105,"date":"2026-06-17T18:09:15","date_gmt":"2026-06-17T18:09:15","guid":{"rendered":"https:\/\/www.europesays.com\/se\/279105\/"},"modified":"2026-06-17T18:09:15","modified_gmt":"2026-06-17T18:09:15","slug":"tom-holland-bekraftande-ord-om-pastadda-brollopet-med-zendaya","status":"publish","type":"post","link":"https:\/\/www.europesays.com\/se\/279105\/","title":{"rendered":"Tom Holland bekr\u00e4ftande ord om p\u00e5st\u00e5dda br\u00f6llopet med Zendaya"},"content":{"rendered":"<p>Uppdaterad 17 jun 2026 kl 19.21Publicerad 17 jun 2026 kl 19.00<\/p>\n<p>Tom Holland + Zendaya = sant.<\/p>\n<p>Det har l\u00e4nge spekulerats om att Hollywoodparet ska ha sagt ja till varandra.\u00a0<\/p>\n<p>Nu verkar Tom Holland bekr\u00e4fta br\u00f6llopet i en ny intervju.<\/p>\n<p>Senaste n\u00f6jesklippen fr\u00e5n Expressen.<img   alt=\"\"\/><\/p>\n<p>Tom Holland och Zendaya.<\/p>\n<p>Foto: DYD FOTOGRAFOS \/ STELLA PICTURES DDP<\/p>\n<p>\u00d6ppna bild i helsk\u00e4rm<img loading=\"lazy\"   alt=\"\"\/><\/p>\n<p>Paret bekr\u00e4ftade sin relation 2021.<\/p>\n<p>Foto: SHUTTERSTOCK \/ SHUTTERSTOCK EDITORIAL\/IBL<\/p>\n<p>\u00d6ppna bild i helsk\u00e4rm<\/p>\n<p>Zendaya, 29, och Tom Holland, 30, har varit ett av <a href=\"https:\/\/www.expressen.se\/tagg\/location\/hollywood\/\" class=\"\" rel=\"nofollow noopener\" target=\"_blank\">Hollywood<\/a> hetaste par de senaste \u00e5ren.<\/p>\n<p>Sk\u00e5despelarna tr\u00e4ffades under inspelningen av \u201dSpider-Man: Homecoming\u201d 2016 d\u00e4r Holland spelade huvudpersonen och Zendaya hans k\u00e4rlek Mary Jane.<\/p>\n<p>Sedan dess har Holland synts i flera \u201dSpiderman\u201d- och \u201dAvengers\u201d-filmer och Zendaya har medverkat i \u201dDune\u201d-filmerna samt serien \u201dEuphoria\u201d.<\/p>\n<p>Det har l\u00e4nge spekulerat om att Hollywoodstj\u00e4rnorna har gift sig \u2013 inte minst sedan Zendaya d\u00f6k upp med en stor diamantring p\u00e5 v\u00e4nster ringfinger p\u00e5 Golden globe-galan 2025.<\/p>\n<p><img loading=\"lazy\"   alt=\"\"\/><\/p>\n<p>Zendayas ring som hon visade upp f\u00f6r f\u00f6rsta g\u00e5ngen p\u00e5 Golden globe-galan i b\u00f6rjan av 2025.<\/p>\n<p>Foto: Xavier Collin\/Image Press Agency \/ TT NYHETSBYR\u00c5N<\/p>\n<p>\u00d6ppna bild i helsk\u00e4rmNya orden i intervju<\/p>\n<p>Nu verkar Tom Holland bekr\u00e4fta br\u00f6llopet i en ny intervju.<\/p>\n<p>Tidningen <a href=\"https:\/\/www.esquire.com\/uk\/culture\/film\/a71592016\/tom-holland-zendaya-wedding-reveal\/\" rel=\"nofollow noopener\" target=\"_blank\">Esquire <\/a>skriver att AI-genererade bilder p\u00e5 Tom fr\u00e5n det p\u00e5st\u00e5dda br\u00f6llopet ska ha lurat hans mormor.<\/p>\n<p>\u2013 Hon trodde att hon inte hade blivit bjuden till br\u00f6llopet, s\u00e4ger Holland enligt tidningen.<\/p>\n<p>Stj\u00e4rnan fick d\u00e5 f\u00f6rklara att det hela var ett missf\u00f6rst\u00e5nd. Han f\u00e5r sedan fr\u00e5gan fr\u00e5n Esquire om han beh\u00f6vde f\u00f6rklara missf\u00f6rst\u00e5ndet f\u00f6r fler familjemedlemmar.<\/p>\n<p>\u2013 Nej, eftersom de alla var d\u00e4r, s\u00e4ger Holland d\u00e5 vilket indikerar att br\u00f6llopet redan har \u00e4gt rum.<\/p>\n<p>Men n\u00e5gra fler detaljer om br\u00f6llopet vill han inte dela med sig av.<\/p>\n<p>\u2013 Det \u00e4r allt ni f\u00e5r om det, s\u00e4ger han.<\/p>\n<p>Fina orden om k\u00e4rleken<\/p>\n<p>Hollywoodstj\u00e4rnan passar \u00e4ven p\u00e5 att hylla deras relation. Han kallar den f\u00f6r stabil och att de b\u00e5da verkligen f\u00f6rst\u00e5r varandra.<\/p>\n<p>\u2013 F\u00f6r mig har jag hittat min person. Hon \u00e4r min b\u00e4sta v\u00e4n, och jag \u00e4r lyckligare \u00e4n n\u00e5gonsin n\u00e4r jag \u00e4r med henne. Samtidigt har jag aldrig tidigare k\u00e4nt mig s\u00e5 st\u00f6ttad och trygg. N\u00e5gonsin. Punkt slut, s\u00e4ger han.<\/p>\n","protected":false},"excerpt":{"rendered":"Uppdaterad 17 jun 2026 kl 19.21Publicerad 17 jun 2026 kl 19.00 Tom Holland + Zendaya = sant. Det&hellip;\n","protected":false},"author":2,"featured_media":279106,"comment_status":"","ping_status":"","sticky":false,"template":"","format":"standard","meta":{"footnotes":"","_share_on_mastodon":"0"},"categories":[67],"tags":[104,773,4799,16850,34,31,33,32,30,401,105],"class_list":["post-279105","post","type-post","status-publish","format-standard","has-post-thumbnail","category-underhallning","tag-entertainment","tag-location-hollywood","tag-location-nederlanderna","tag-person-zendaya","tag-se","tag-svenska","tag-sverige","tag-sweden","tag-swedish","tag-topic-brollop","tag-underhallning"],"share_on_mastodon":{"url":"https:\/\/pubeurope.com\/@se\/116766793280526256","error":""},"_links":{"self":[{"href":"https:\/\/www.europesays.com\/se\/wp-json\/wp\/v2\/posts\/279105","targetHints":{"allow":["GET"]}}],"collection":[{"href":"https:\/\/www.europesays.com\/se\/wp-json\/wp\/v2\/posts"}],"about":[{"href":"https:\/\/www.europesays.com\/se\/wp-json\/wp\/v2\/types\/post"}],"author":[{"embeddable":true,"href":"https:\/\/www.europesays.com\/se\/wp-json\/wp\/v2\/users\/2"}],"replies":[{"embeddable":true,"href":"https:\/\/www.europesays.com\/se\/wp-json\/wp\/v2\/comments?post=279105"}],"version-history":[{"count":0,"href":"https:\/\/www.europesays.com\/se\/wp-json\/wp\/v2\/posts\/279105\/revisions"}],"wp:featuredmedia":[{"embeddable":true,"href":"https:\/\/www.europesays.com\/se\/wp-json\/wp\/v2\/media\/279106"}],"wp:attachment":[{"href":"https:\/\/www.europesays.com\/se\/wp-json\/wp\/v2\/media?parent=279105"}],"wp:term":[{"taxonomy":"category","embeddable":true,"href":"https:\/\/www.europesays.com\/se\/wp-json\/wp\/v2\/categories?post=279105"},{"taxonomy":"post_tag","embeddable":true,"href":"https:\/\/www.europesays.com\/se\/wp-json\/wp\/v2\/tags?post=279105"}],"curies":[{"name":"wp","href":"https:\/\/api.w.org\/{rel}","templated":true}]}}