{"id":27928,"date":"2025-09-12T05:13:08","date_gmt":"2025-09-12T05:13:08","guid":{"rendered":"https:\/\/www.europesays.com\/se\/27928\/"},"modified":"2025-09-12T05:13:08","modified_gmt":"2025-09-12T05:13:08","slug":"sista-filmen-om-downton-abbey-en-genomprofessionell-forestallning-kulturnytt","status":"publish","type":"post","link":"https:\/\/www.europesays.com\/se\/27928\/","title":{"rendered":"Sista filmen om Downton Abbey\u00a0\u2013 en genomprofessionell f\u00f6rest\u00e4llning &#8211; Kulturnytt"},"content":{"rendered":"<p><strong>Titel: <\/strong>Downton Abbey: The Grande Finale<br \/><strong>Regi:<\/strong> Simon Curtis<br \/><strong>Manus: <\/strong>Julian Fellowes<br \/><strong>Sk\u00e5despelare: <\/strong>Hugh Bonneville, Michelle Dockery, Laura Carmichael, Elizabeth Mcgovern, Paul Giamatti m.fl.<br \/><strong>Genre: <\/strong>Drama<br \/><strong>Betyg:<\/strong> 3 av 5<br \/><strong>G\u00e5r att se:<\/strong> P\u00e5 bio<\/p>\n<p><strong>Det \u00e4r kris p\u00e5 slottet.<\/strong> I den tredje l\u00e5ngfilmen om familjen Crawley och deras personal: \u201dDownton Abbey: The Grand Finale\u201d har \u00e4ldsta dottern Mary skilt sig. Och det hj\u00e4lper inte att det var maken som skickade in ans\u00f6kan. En skild kvinna fick \u00e5r 1930, d\u00e5 filmen utspelas, inte ens vistas i samma lokaler som det engelska kungaparet. Och de \u00e4r p\u00e5 v\u00e4g! I en magnifik balscen f\u00e5r vi se den stigmatiserade hj\u00e4ltinnan Mary, kl\u00e4dd i en djupr\u00f6d l\u00e5ngkl\u00e4nning bli utkastad fr\u00e5n festen. <\/p>\n<p>Skaparen av Downton Abbey, Julian Fellowes, har fr\u00e5n TV-seriens allra f\u00f6rsta avsnitt varit skicklig p\u00e5 att l\u00e5ta v\u00e4rldsh\u00e4ndelser och social f\u00f6r\u00e4ndring bli en del av historien. Det b\u00f6rjade med Titanics f\u00f6rlisning 1912 och kampen f\u00f6r kvinnlig r\u00f6str\u00e4tt, till att i den h\u00e4r filmen l\u00e5ta kokerskan Daisy och butlern Carson f\u00e5 vara med i styrelsen f\u00f6r bonde\u00e5rets stora sociala begivenhet, lantbruksm\u00e4ssan i byn. Det blir humor och klasskamp i praktiken, d\u00e4r motst\u00e5ndet mot social r\u00f6rlighet symboliseras av en h\u00f6gr\u00f6d gods\u00e4gare. <\/p>\n<p>Det som alltid har varit s\u00e5 f\u00f6rbryllande med Downton Abbey-universat \u00e4r att jag g\u00e5ng p\u00e5 g\u00e5ng l\u00e5ter mig f\u00f6rf\u00f6ras av skaparnas manipulationer. Det h\u00e4r frosseriet i slottsgemak och guld och m\u00f6nstrade mattor. Samtidigt som personalen jobbar 18-timmarspass i det heta k\u00f6ket. Men det nu femton \u00e5r l\u00e5nga sk\u00e5despelet \u00e4r \u00e4nd\u00e5 en genomprofessionell f\u00f6rest\u00e4llning, d\u00e4r b\u00e5de herrskap och tj\u00e4nstefolk har huvudroller.<\/p>\n<p>De tv\u00e5 f\u00f6rsta l\u00e5ngfilmerna g\u00e5r just nu att se p\u00e5 SVT Play. De sex s\u00e4songerna av TV-serien finns p\u00e5 Netflix.<\/p>\n<p class=\"byline\">Nina Asarnoj<br \/><a class=\"internal-link\" target=\"_self\" href=\"https:\/\/www.sverigesradio.se\/artikel\/mailto:nina.asarnoj@sverigesradio.se\" rel=\"nofollow noopener\">nina.asarnoj@sverigesradio.se<\/a><\/p>\n","protected":false},"excerpt":{"rendered":"Titel: Downton Abbey: The Grande FinaleRegi: Simon CurtisManus: Julian FellowesSk\u00e5despelare: Hugh Bonneville, Michelle Dockery, Laura Carmichael, Elizabeth Mcgovern,&hellip;\n","protected":false},"author":2,"featured_media":27929,"comment_status":"","ping_status":"","sticky":false,"template":"","format":"standard","meta":{"footnotes":""},"categories":[67],"tags":[900,904,104,903,902,194,898,899,787,171,901,34,31,33,32,30,905,105],"class_list":{"0":"post-27928","1":"post","2":"type-post","3":"status-publish","4":"format-standard","5":"has-post-thumbnail","7":"category-underhallning","8":"tag-bcker","9":"tag-dans","10":"tag-entertainment","11":"tag-film","12":"tag-konst","13":"tag-kultur","14":"tag-kulturnyheter","15":"tag-kulturnytt","16":"tag-lyssna","17":"tag-radio","18":"tag-recensioner","19":"tag-se","20":"tag-svenska","21":"tag-sverige","22":"tag-sweden","23":"tag-swedish","24":"tag-teater","25":"tag-underhallning"},"share_on_mastodon":{"url":"","error":""},"_links":{"self":[{"href":"https:\/\/www.europesays.com\/se\/wp-json\/wp\/v2\/posts\/27928","targetHints":{"allow":["GET"]}}],"collection":[{"href":"https:\/\/www.europesays.com\/se\/wp-json\/wp\/v2\/posts"}],"about":[{"href":"https:\/\/www.europesays.com\/se\/wp-json\/wp\/v2\/types\/post"}],"author":[{"embeddable":true,"href":"https:\/\/www.europesays.com\/se\/wp-json\/wp\/v2\/users\/2"}],"replies":[{"embeddable":true,"href":"https:\/\/www.europesays.com\/se\/wp-json\/wp\/v2\/comments?post=27928"}],"version-history":[{"count":0,"href":"https:\/\/www.europesays.com\/se\/wp-json\/wp\/v2\/posts\/27928\/revisions"}],"wp:featuredmedia":[{"embeddable":true,"href":"https:\/\/www.europesays.com\/se\/wp-json\/wp\/v2\/media\/27929"}],"wp:attachment":[{"href":"https:\/\/www.europesays.com\/se\/wp-json\/wp\/v2\/media?parent=27928"}],"wp:term":[{"taxonomy":"category","embeddable":true,"href":"https:\/\/www.europesays.com\/se\/wp-json\/wp\/v2\/categories?post=27928"},{"taxonomy":"post_tag","embeddable":true,"href":"https:\/\/www.europesays.com\/se\/wp-json\/wp\/v2\/tags?post=27928"}],"curies":[{"name":"wp","href":"https:\/\/api.w.org\/{rel}","templated":true}]}}