{"id":27947,"date":"2025-09-12T05:34:08","date_gmt":"2025-09-12T05:34:08","guid":{"rendered":"https:\/\/www.europesays.com\/se\/27947\/"},"modified":"2025-09-12T05:34:08","modified_gmt":"2025-09-12T05:34:08","slug":"ryssland-ska-ha-skjutit-ner-over-200-ukrainska-dronare","status":"publish","type":"post","link":"https:\/\/www.europesays.com\/se\/27947\/","title":{"rendered":"Ryssland ska ha skjutit ner \u00f6ver 200 ukrainska dr\u00f6nare"},"content":{"rendered":"<p>Ukraina ska ha genomf\u00f6rt en storskalig dr\u00f6narattack mot flera m\u00e5l inne i Ryssland, inklusive Moskva och Sankt Petersburg. Det rapporterar AFP och Kyiv Independent. <\/p>\n<p>Enligt det ryska f\u00f6rsvarsministeriet ska landets luftf\u00f6rsvar ha uppt\u00e4ckt och skjutit ner 221 dr\u00f6nare under natten, varav nio \u00f6ver huvudstaden. Det \u00e4r ett av de h\u00f6gsta antalet ukrainska dr\u00f6nare som rapporterats sedan Ryssland inledde sin fullskaliga invasion av Ukraina 2022.<\/p>\n<p>Attacken kommer knappt en vecka efter att Ryssland genomf\u00f6rt en storskalig attack mot Kyiv, d\u00e4r bland annat landets regeringsbyggnad tr\u00e4ffades.<\/p>\n<p>Omni \u00e4r politiskt obundna och oberoende. Vi str\u00e4var efter att ge fler perspektiv p\u00e5 nyheterna. Har du fr\u00e5gor eller synpunkter kring v\u00e5r rapportering? <a href=\"https:\/\/omni.se\/ryssland-ska-ha-skjutit-ner-over-200-ukrainska-dronare\/a\/mailto:redaktion@omni.se\" class=\"ArticleActions_contactLink__W2F1M\" rel=\"nofollow noopener\" target=\"_blank\">Kontakta redaktionen<\/a><\/p>\n","protected":false},"excerpt":{"rendered":"Ukraina ska ha genomf\u00f6rt en storskalig dr\u00f6narattack mot flera m\u00e5l inne i Ryssland, inklusive Moskva och Sankt Petersburg.&hellip;\n","protected":false},"author":2,"featured_media":27948,"comment_status":"","ping_status":"","sticky":false,"template":"","format":"standard","meta":{"footnotes":""},"categories":[5],"tags":[22,23,267,26,27,17,21,24,25,28,29,15,16,18,269,264,34,31,33,32,30,19,20,263],"class_list":{"0":"post-27947","1":"post","2":"type-post","3":"status-publish","4":"format-standard","5":"has-post-thumbnail","7":"category-rubriker","8":"tag-breaking-news","9":"tag-breakingnews","10":"tag-europa","11":"tag-featured-news","12":"tag-featurednews","13":"tag-headlines","14":"tag-huvudnyheter","15":"tag-latest-news","16":"tag-latestnews","17":"tag-main-news","18":"tag-mainnews","19":"tag-news","20":"tag-nyheter","21":"tag-rubriker","22":"tag-ryska-invasionen","23":"tag-ryssland","24":"tag-se","25":"tag-svenska","26":"tag-sverige","27":"tag-sweden","28":"tag-swedish","29":"tag-top-stories","30":"tag-topstories","31":"tag-ukraina"},"share_on_mastodon":{"url":"","error":""},"_links":{"self":[{"href":"https:\/\/www.europesays.com\/se\/wp-json\/wp\/v2\/posts\/27947","targetHints":{"allow":["GET"]}}],"collection":[{"href":"https:\/\/www.europesays.com\/se\/wp-json\/wp\/v2\/posts"}],"about":[{"href":"https:\/\/www.europesays.com\/se\/wp-json\/wp\/v2\/types\/post"}],"author":[{"embeddable":true,"href":"https:\/\/www.europesays.com\/se\/wp-json\/wp\/v2\/users\/2"}],"replies":[{"embeddable":true,"href":"https:\/\/www.europesays.com\/se\/wp-json\/wp\/v2\/comments?post=27947"}],"version-history":[{"count":0,"href":"https:\/\/www.europesays.com\/se\/wp-json\/wp\/v2\/posts\/27947\/revisions"}],"wp:featuredmedia":[{"embeddable":true,"href":"https:\/\/www.europesays.com\/se\/wp-json\/wp\/v2\/media\/27948"}],"wp:attachment":[{"href":"https:\/\/www.europesays.com\/se\/wp-json\/wp\/v2\/media?parent=27947"}],"wp:term":[{"taxonomy":"category","embeddable":true,"href":"https:\/\/www.europesays.com\/se\/wp-json\/wp\/v2\/categories?post=27947"},{"taxonomy":"post_tag","embeddable":true,"href":"https:\/\/www.europesays.com\/se\/wp-json\/wp\/v2\/tags?post=27947"}],"curies":[{"name":"wp","href":"https:\/\/api.w.org\/{rel}","templated":true}]}}