{"id":27998,"date":"2025-09-12T06:32:07","date_gmt":"2025-09-12T06:32:07","guid":{"rendered":"https:\/\/www.europesays.com\/se\/27998\/"},"modified":"2025-09-12T06:32:07","modified_gmt":"2025-09-12T06:32:07","slug":"svenska-golfappen-har-blivit-envarldssucce-det-bara-small-till-golf","status":"publish","type":"post","link":"https:\/\/www.europesays.com\/se\/27998\/","title":{"rendered":"Svenska golfappen har blivit en\nv\u00e4rldssucc\u00e9: \u201dDet bara small till\u201d | Golf"},"content":{"rendered":"<p>Publicerad 12 sep 2025 kl 07.54<\/p>\n<p>Efter en misslyckad t\u00e4vling \u00e5kte golfproffset Marcus Svensson, 27, hem och snickrade ihop en mobilapp.<\/p>\n<p>N\u00e5gra dagar senare var den bland de mest nedladdade i v\u00e4rlden.<\/p>\n<p>\u2013 Det \u00e4r r\u00e4tt sjukt faktiskt. Det bara small till, s\u00e4ger han.<\/p>\n<p><img loading=\"lazy\"   alt=\"\"\/><\/p>\n<p>Golfaren Marcus Svensson fr\u00e5n Halmstad har lanserat en egen app som g\u00f6r succ\u00e9.<\/p>\n<p>Foto: Privat.<\/p>\n<p>\u00d6ppna bild i helsk\u00e4rm<img loading=\"lazy\"   alt=\"\"\/><\/p>\n<p>Marcus Svensson.<\/p>\n<p>Foto: Privat.<\/p>\n<p>\u00d6ppna bild i helsk\u00e4rm<img loading=\"lazy\"   alt=\"\"\/><\/p>\n<p>Appen Tour Aim Golf har snappt kl\u00e4ttrat p\u00e5 App Stores topplista.<\/p>\n<p>\u00d6ppna bild i helsk\u00e4rm<\/p>\n<p>Halmstadbon Marcus Svensson, 27, spelar till vardags p\u00e5 Nordic Golf League, n\u00e5gra pinnh\u00e5l under v\u00e4rldens st\u00f6rsta tourer.<\/p>\n<p>Men precis som f\u00f6r Ludvig \u00c5berg, Rory McIlroy och andra stj\u00e4rnor best\u00e5r proffslivet av l\u00e5nga resor, hotelln\u00e4tter \u2013 och v\u00e4ntan.<\/p>\n<p>Den stora skillnaden? Inkomsterna.<\/p>\n<p>F\u00f6r att fylla all d\u00f6tid \u2013 och kanske p\u00e5 sikt finansiera sin golfsatsning \u2013 b\u00f6rjade Marcus l\u00e4sa kurser i programmering.<\/p>\n<p>\u2013 Jag tyckte att jag borde g\u00f6ra n\u00e5got vettigt av min tid. \u201dHotelld\u00f6den\u201d \u00e4r minst sagt verklig p\u00e5 v\u00e5r tour, s\u00e4ger han.<\/p>\n<p>Han \u00e4r inte utbildad programmerare men ber\u00e4ttar att han alltid varit duktig p\u00e5 matte. Grunderna l\u00e4rde han sig p\u00e5 n\u00e4tet.<\/p>\n<p>\u2013 Jag har v\u00e4l mest f\u00f6rs\u00f6kt hanka mig fram egentligen.<\/p>\n<p>Appen kodade han i Xcode, Apples eget verktyg f\u00f6r apputveckling. N\u00e4r han k\u00f6rde fast tog han hj\u00e4lp av AI.<\/p>\n<p>\u2013 Det finns otroligt mycket man kan f\u00e5 hj\u00e4lp med i dag. Jag har f\u00f6rs\u00f6kt l\u00e4ra mig l\u00e4ngs v\u00e4gen och ju mer insatt man blir, desto mer f\u00f6rst\u00e5r man.<\/p>\n<p>S\u00e5 f\u00f6ddes id\u00e9n till appen<\/p>\n<p>Men det var f\u00f6rst efter en besvikelse i Forsbacka Open i augusti som hans nya kunskaper kom till anv\u00e4ndning.<\/p>\n<p>Han reagerade p\u00e5 att kompassen i banguiden inte st\u00e4mde.<\/p>\n<p>\u2013 Jag k\u00e4nde att man borde kunna g\u00f6ra n\u00e5got b\u00e4ttre. N\u00e5got d\u00e4r man b\u00e5de kan kolla att riktningen \u00e4r r\u00e4tt \u2013 och f\u00e5 vinden automatiskt, ber\u00e4ttar Marcus.<\/p>\n<p>\u2013 Det var egentligen s\u00e5 id\u00e9n f\u00f6ddes. Att man kunde koppla ihop GPS, v\u00e4derdata och mobilens kompass i en app.<\/p>\n<p>Morgonen efter t\u00e4vlingen satte han sig vid datorn. Redan p\u00e5 natten l\u00e5g den f\u00f6rsta versionen av appen Tour Aim Golf ute.<\/p>\n<p>\u2013 Jag har lite s\u00e5dana tendenser, haha. N\u00e4r jag v\u00e4l fastnar f\u00f6r n\u00e5got m\u00e5ste det bli klart. Jag bara k\u00f6ttade tills jag fick ut en rimlig version.<\/p>\n<p>Appen \u2013 som han sj\u00e4lv beskriver som \u201dsimpel\u201d \u2013 hj\u00e4lper golfare att r\u00e4kna ut hur vind, v\u00e4der och h\u00f6jdskillnader p\u00e5verkar bollens flykt.<\/p>\n<p>Du pekar mobilen mot flaggan, matar in avst\u00e5ndet \u2013 och f\u00e5r direkt besked om hur l\u00e5ngt du faktiskt beh\u00f6ver sl\u00e5.<\/p>\n<p>Appen trendar i App Store<\/p>\n<p>Trots att Marcus inte marknadsf\u00f6rt appen (mer \u00e4n i sina sociala medier) gick den rakt upp i topp bland sportappar i App Store. I helgen trendade appen som den femte mest nedladdade betalappen i v\u00e4rlden.<\/p>\n<p>Annons<\/p>\n<p>\u2013 Det \u00e4r r\u00e4tt sjukt faktiskt. Jag sl\u00e4ppte den till n\u00e5gra polare p\u00e5 touren som jag reste med och ytterligare n\u00e5gra v\u00e4nner. Sen small det till, s\u00e4ger han.<\/p>\n<p><strong>Har \u00e4ven vanliga, glada amat\u00f6rer nytta av appen?<\/strong><\/p>\n<p>\u2013 Absolut. Det \u00e4r den st\u00f6rsta missuppfattningen om appen, att man tror att det kr\u00e4vs golfspel p\u00e5 extremt h\u00f6g niv\u00e5 f\u00f6r att man ska kunna anv\u00e4nda den. Men s\u00e5 \u00e4r det inte.<\/p>\n<p>P\u00e5 fr\u00e5gan om han \u00e4r Sveriges n\u00e4sta techmiljard\u00e4r skrattar han till.<\/p>\n<p>\u2013 Haha, jag vet inte. Det har g\u00e5tt s\u00e5 j\u00e4kla fort allts\u00e5. Jag sl\u00e4ppte den som ett hobbyprojekt och hade v\u00e4ldigt l\u00e5ga f\u00f6rv\u00e4ntningar. Jag trodde inte ens att en enda m\u00e4nniska skulle ladda ner den.<\/p>\n<p>Efter bara tv\u00e5 veckor har f\u00f6rfr\u00e5gningar b\u00f6rjat trilla in \u2013 f\u00f6retag vill k\u00f6pa upp namnet i marknadsf\u00f6ringssyfte. Han ber\u00e4ttar att han f\u00f6r diskussioner med ett par av dem.<\/p>\n<p>\u2013 M\u00e5let nu \u00e4r att verkligen sl\u00e5 mig in p\u00e5 USA-marknaden och f\u00e5 ut den till stora massan. Den har inte varit ute s\u00e5 l\u00e4nge, men framtiden ser j\u00e4kligt rolig ut. Jag \u00e4r tacksam.<\/p>\n","protected":false},"excerpt":{"rendered":"Publicerad 12 sep 2025 kl 07.54 Efter en misslyckad t\u00e4vling \u00e5kte golfproffset Marcus Svensson, 27, hem och snickrade&hellip;\n","protected":false},"author":2,"featured_media":27999,"comment_status":"","ping_status":"","sticky":false,"template":"","format":"standard","meta":{"footnotes":""},"categories":[68],"tags":[34,895,111,110,31,33,32,30],"class_list":{"0":"post-27998","1":"post","2":"type-post","3":"status-publish","4":"format-standard","5":"has-post-thumbnail","7":"category-sport","8":"tag-se","9":"tag-sections-golf","10":"tag-sport","11":"tag-sports","12":"tag-svenska","13":"tag-sverige","14":"tag-sweden","15":"tag-swedish"},"share_on_mastodon":{"url":"","error":""},"_links":{"self":[{"href":"https:\/\/www.europesays.com\/se\/wp-json\/wp\/v2\/posts\/27998","targetHints":{"allow":["GET"]}}],"collection":[{"href":"https:\/\/www.europesays.com\/se\/wp-json\/wp\/v2\/posts"}],"about":[{"href":"https:\/\/www.europesays.com\/se\/wp-json\/wp\/v2\/types\/post"}],"author":[{"embeddable":true,"href":"https:\/\/www.europesays.com\/se\/wp-json\/wp\/v2\/users\/2"}],"replies":[{"embeddable":true,"href":"https:\/\/www.europesays.com\/se\/wp-json\/wp\/v2\/comments?post=27998"}],"version-history":[{"count":0,"href":"https:\/\/www.europesays.com\/se\/wp-json\/wp\/v2\/posts\/27998\/revisions"}],"wp:featuredmedia":[{"embeddable":true,"href":"https:\/\/www.europesays.com\/se\/wp-json\/wp\/v2\/media\/27999"}],"wp:attachment":[{"href":"https:\/\/www.europesays.com\/se\/wp-json\/wp\/v2\/media?parent=27998"}],"wp:term":[{"taxonomy":"category","embeddable":true,"href":"https:\/\/www.europesays.com\/se\/wp-json\/wp\/v2\/categories?post=27998"},{"taxonomy":"post_tag","embeddable":true,"href":"https:\/\/www.europesays.com\/se\/wp-json\/wp\/v2\/tags?post=27998"}],"curies":[{"name":"wp","href":"https:\/\/api.w.org\/{rel}","templated":true}]}}