{"id":281199,"date":"2026-06-19T16:29:11","date_gmt":"2026-06-19T16:29:11","guid":{"rendered":"https:\/\/www.europesays.com\/se\/281199\/"},"modified":"2026-06-19T16:29:11","modified_gmt":"2026-06-19T16:29:11","slug":"anne-hathaway-43-ar-gravid-vantar-tredje-barnet-efter-kampen","status":"publish","type":"post","link":"https:\/\/www.europesays.com\/se\/281199\/","title":{"rendered":"Anne Hathaway, 43, \u00e4r gravid \u2013 v\u00e4ntar tredje barnet efter kampen"},"content":{"rendered":"<p>Uppdaterad 19 jun 2026 kl 18.17Publicerad 19 jun 2026 kl 18.07<\/p>\n<p>Anne Hathaway, 43, \u00e4r gravid.<\/p>\n<p>Sk\u00e5despelaren som nyligen uts\u00e5gs till v\u00e4rldens vackraste kvinna v\u00e4ntar nu sitt tredje barn efter infertilitetskampen.<\/p>\n<p><img   alt=\"\"\/><\/p>\n<p>Anne Hathaway.<\/p>\n<p>Foto: Evan Agostini \/ AP TT NYHETSBYR\u00c5N<\/p>\n<p>\u00d6ppna bild i helsk\u00e4rm<img loading=\"lazy\"   alt=\"\"\/><\/p>\n<p>Anne Hathaway med maken Adam Shulman<\/p>\n<p>Foto: RICHARD SHOTWELL \/ AP TT NYHETSBYR\u00c5N<\/p>\n<p>\u00d6ppna bild i helsk\u00e4rm<img loading=\"lazy\"   alt=\"\"\/>\u00d6ppna bild i helsk\u00e4rm<\/p>\n<p><a href=\"https:\/\/www.expressen.se\/tagg\/person\/anne-hathaway\/\" class=\"\" rel=\"nofollow noopener\" target=\"_blank\">Anne Hathaway<\/a>, 43, v\u00e4ntar sitt tredje barn.<\/p>\n<p>Sk\u00e5despelaren visar upp gravidmagen i en video p\u00e5 Instagram med caption \u201dBaby I&#8217;m yours\u201d.<\/p>\n<p><a href=\"https:\/\/www.instagram.com\/p\/DZxVZxCqp1X\/?hidecaption=true\" data-provider=\"instagram\" class=\"js-social-embed\" rel=\"nofollow noopener\" target=\"_blank\">https:\/\/www.instagram.com\/p\/DZxVZxCqp1X\/?hidecaption=true<\/a><\/p>\n<p>Den Oscarsbel\u00f6nade sk\u00e5despelaren uts\u00e5gs nyligen till <a href=\"https:\/\/www.expressen.se\/noje\/anne-hathaway-har-utsetts-till-varldens-vackraste-kvinna\/\" rel=\"nofollow noopener\" target=\"_blank\">v\u00e4rldens vackraste kvinna av tidningen People.<\/a> Hon har sedan tidigare tv\u00e5 s\u00f6ner med sk\u00e5despelaren Adam Shulman, 45, f\u00f6dda 2016 och 2019.<\/p>\n<p>Hathaway har tidigare ber\u00e4ttat om parets kamp f\u00f6r att bli gravida.<\/p>\n<p>\u201dF\u00f6r alla som genomg\u00e5r infertilitet och befruktningshelvete, v\u00e4nligen vet att det inte har varit en enkel resa till n\u00e5gon av mina graviditeter. S\u00e4nder er extra k\u00e4rlek\u201d, har hon tidigare skrivit p\u00e5 Instagram.<\/p>\n<p><script async src=\"\/\/www.instagram.com\/embed.js\"><\/script><\/p>\n","protected":false},"excerpt":{"rendered":"Uppdaterad 19 jun 2026 kl 18.17Publicerad 19 jun 2026 kl 18.07 Anne Hathaway, 43, \u00e4r gravid. Sk\u00e5despelaren som&hellip;\n","protected":false},"author":2,"featured_media":281200,"comment_status":"","ping_status":"","sticky":false,"template":"","format":"standard","meta":{"footnotes":"","_share_on_mastodon":"0"},"categories":[67],"tags":[104,17688,34,31,33,32,30,687,105],"class_list":["post-281199","post","type-post","status-publish","format-standard","has-post-thumbnail","category-underhallning","tag-entertainment","tag-person-anne-hathaway","tag-se","tag-svenska","tag-sverige","tag-sweden","tag-swedish","tag-topic-graviditet","tag-underhallning"],"share_on_mastodon":{"url":"https:\/\/pubeurope.com\/@se\/116777724558348047","error":""},"_links":{"self":[{"href":"https:\/\/www.europesays.com\/se\/wp-json\/wp\/v2\/posts\/281199","targetHints":{"allow":["GET"]}}],"collection":[{"href":"https:\/\/www.europesays.com\/se\/wp-json\/wp\/v2\/posts"}],"about":[{"href":"https:\/\/www.europesays.com\/se\/wp-json\/wp\/v2\/types\/post"}],"author":[{"embeddable":true,"href":"https:\/\/www.europesays.com\/se\/wp-json\/wp\/v2\/users\/2"}],"replies":[{"embeddable":true,"href":"https:\/\/www.europesays.com\/se\/wp-json\/wp\/v2\/comments?post=281199"}],"version-history":[{"count":0,"href":"https:\/\/www.europesays.com\/se\/wp-json\/wp\/v2\/posts\/281199\/revisions"}],"wp:featuredmedia":[{"embeddable":true,"href":"https:\/\/www.europesays.com\/se\/wp-json\/wp\/v2\/media\/281200"}],"wp:attachment":[{"href":"https:\/\/www.europesays.com\/se\/wp-json\/wp\/v2\/media?parent=281199"}],"wp:term":[{"taxonomy":"category","embeddable":true,"href":"https:\/\/www.europesays.com\/se\/wp-json\/wp\/v2\/categories?post=281199"},{"taxonomy":"post_tag","embeddable":true,"href":"https:\/\/www.europesays.com\/se\/wp-json\/wp\/v2\/tags?post=281199"}],"curies":[{"name":"wp","href":"https:\/\/api.w.org\/{rel}","templated":true}]}}