{"id":281573,"date":"2026-06-20T05:50:14","date_gmt":"2026-06-20T05:50:14","guid":{"rendered":"https:\/\/www.europesays.com\/se\/281573\/"},"modified":"2026-06-20T05:50:14","modified_gmt":"2026-06-20T05:50:14","slug":"villa-utanfor-malmo-forstord-i-brand-spred-sig-snabbt","status":"publish","type":"post","link":"https:\/\/www.europesays.com\/se\/281573\/","title":{"rendered":"Villa utanf\u00f6r Malm\u00f6 f\u00f6rst\u00f6rd i brand: \u201dSpred sig snabbt\u201d"},"content":{"rendered":"<p>Uppdaterad 20 jun 2026 kl 07.32Publicerad 20 jun 2026 kl 06.18<\/p>\n<p>Det b\u00f6rjade brinna i en villa i Kattarp utanf\u00f6r Malm\u00f6 under natten.\u00a0<\/p>\n<p>Huset och en n\u00e4rliggande lada \u00e4r f\u00f6rst\u00f6rda.\u00a0<\/p>\n<p>\u2013 Det spred sig snabbt och har blivit helt \u00f6vert\u00e4nt, s\u00e4ger Cassandra Fridh, larm- och ledningsoperat\u00f6r p\u00e5 R\u00e4ddningstj\u00e4nsten.<\/p>\n<p>Senaste nyhetsklippen fr\u00e5n Expressen.<img   alt=\"\"\/><\/p>\n<p>R\u00e4ddningstj\u00e4nsten p\u00e5 plats vid branden<\/p>\n<p>Foto: MIKAEL NILSSON \/ SBM<\/p>\n<p>\u00d6ppna bild i helsk\u00e4rm<\/p>\n<p>Det b\u00f6rjade brinna i en villa i Kattarp utanf\u00f6r <a href=\"https:\/\/www.expressen.se\/tagg\/location\/malmo\/\" class=\"\" rel=\"nofollow noopener\" target=\"_blank\">Malm\u00f6<\/a> natten till l\u00f6rdag. R\u00e4ddningstj\u00e4nsten larmades av f\u00f6rbipasserande som s\u00e5g att slog l\u00e5gor fr\u00e5n taket vid halv tre. Flera resurser skickades till platsen.\u00a0<\/p>\n<p>\u2013 Det spred sig snabbt och har blivit helt \u00f6vert\u00e4nt, s\u00e4ger Cassandra Fridh, larm- och ledningsoperat\u00f6r p\u00e5 R\u00e4ddningstj\u00e4nsten.\u00a0<\/p>\n<p>Branden spred sig till en n\u00e4rliggande lada och vid klockan sex p\u00e5 morgonen \u00e4r R\u00e4ddningstj\u00e4nsten kvar p\u00e5 platsen med flera resurser. D\u00e5 brinner det fortfarande, men branden \u00e4r under kontroll.<\/p>\n<p>\u2013 Vi \u00e4r p\u00e5 plats och sk\u00f6ter bevakning just nu, s\u00e4ger Cassandra Fridh.<\/p>\n<p>De som bodde i villan var inte hemma utan ska ha kommit till platsen lite senare, enligt R\u00e4ddningstj\u00e4nsten. Ingen person ska ha kommit till skada, men villan och ladan \u00e4r f\u00f6rst\u00f6rda.\u00a0<\/p>\n","protected":false},"excerpt":{"rendered":"Uppdaterad 20 jun 2026 kl 07.32Publicerad 20 jun 2026 kl 06.18 Det b\u00f6rjade brinna i en villa i&hellip;\n","protected":false},"author":2,"featured_media":281574,"comment_status":"","ping_status":"","sticky":false,"template":"","format":"standard","meta":{"footnotes":"","_share_on_mastodon":"0"},"categories":[5],"tags":[22,23,26,27,17,21,24,25,2211,28,29,15,16,1700,18,34,154,31,33,32,30,19,1619,20],"class_list":["post-281573","post","type-post","status-publish","format-standard","has-post-thumbnail","category-rubriker","tag-breaking-news","tag-breakingnews","tag-featured-news","tag-featurednews","tag-headlines","tag-huvudnyheter","tag-latest-news","tag-latestnews","tag-location-malmo","tag-main-news","tag-mainnews","tag-news","tag-nyheter","tag-organization-raddningstjanst","tag-rubriker","tag-se","tag-sections-sverige","tag-svenska","tag-sverige","tag-sweden","tag-swedish","tag-top-stories","tag-topic-brand-explosion","tag-topstories"],"share_on_mastodon":{"url":"https:\/\/pubeurope.com\/@se\/116780874207324824","error":""},"_links":{"self":[{"href":"https:\/\/www.europesays.com\/se\/wp-json\/wp\/v2\/posts\/281573","targetHints":{"allow":["GET"]}}],"collection":[{"href":"https:\/\/www.europesays.com\/se\/wp-json\/wp\/v2\/posts"}],"about":[{"href":"https:\/\/www.europesays.com\/se\/wp-json\/wp\/v2\/types\/post"}],"author":[{"embeddable":true,"href":"https:\/\/www.europesays.com\/se\/wp-json\/wp\/v2\/users\/2"}],"replies":[{"embeddable":true,"href":"https:\/\/www.europesays.com\/se\/wp-json\/wp\/v2\/comments?post=281573"}],"version-history":[{"count":0,"href":"https:\/\/www.europesays.com\/se\/wp-json\/wp\/v2\/posts\/281573\/revisions"}],"wp:featuredmedia":[{"embeddable":true,"href":"https:\/\/www.europesays.com\/se\/wp-json\/wp\/v2\/media\/281574"}],"wp:attachment":[{"href":"https:\/\/www.europesays.com\/se\/wp-json\/wp\/v2\/media?parent=281573"}],"wp:term":[{"taxonomy":"category","embeddable":true,"href":"https:\/\/www.europesays.com\/se\/wp-json\/wp\/v2\/categories?post=281573"},{"taxonomy":"post_tag","embeddable":true,"href":"https:\/\/www.europesays.com\/se\/wp-json\/wp\/v2\/tags?post=281573"}],"curies":[{"name":"wp","href":"https:\/\/api.w.org\/{rel}","templated":true}]}}