{"id":28163,"date":"2025-09-12T09:10:30","date_gmt":"2025-09-12T09:10:30","guid":{"rendered":"https:\/\/www.europesays.com\/se\/28163\/"},"modified":"2025-09-12T09:10:30","modified_gmt":"2025-09-12T09:10:30","slug":"open-ai-vill-bli-vinstdrivande-nytt-samarbete-med-microsoft","status":"publish","type":"post","link":"https:\/\/www.europesays.com\/se\/28163\/","title":{"rendered":"Open AI vill bli vinstdrivande \u2013 nytt samarbete med Microsoft"},"content":{"rendered":"<p>Open AI har inlett ett samarbete f\u00f6r att kunna bli vinstdrivande, rapporterar Reuters. <\/p>\n<p>Chat GPT:s skapare har ing\u00e5tt en avsiktsf\u00f6rklaring med Microsoft \u2013 ett steg som markerar en ny fas i ett av de mest uppm\u00e4rksammade partnerskapen, skriver nyhetsbyr\u00e5n. <\/p>\n<p>Detaljer om avtalet har inte avsl\u00f6jats. Men f\u00f6retagen uppger att de arbetar med att f\u00e4rdigst\u00e4lla villkoren i ett slutgiltigt avtal. Nyhetsbyr\u00e5n skriver att avsiktsf\u00f6rklaringen \u00e4r ett framsteg i Open AI:s l\u00e5ngdragna f\u00f6rhandlingar med Microsoft f\u00f6r att kunna generera kapital under en mer traditionell bolagsstyrning \u2013 och en eventuell framtida b\u00f6rsnotering. <\/p>\n<p>Omni \u00e4r politiskt obundna och oberoende. Vi str\u00e4var efter att ge fler perspektiv p\u00e5 nyheterna. Har du fr\u00e5gor eller synpunkter kring v\u00e5r rapportering? <a href=\"https:\/\/omni.se\/open-ai-vill-bli-vinstdrivande-nytt-samarbete-med-microsoft\/a\/mailto:redaktion@omni.se\" class=\"ArticleActions_contactLink__W2F1M\" rel=\"nofollow noopener\" target=\"_blank\">Kontakta redaktionen<\/a><\/p>\n","protected":false},"excerpt":{"rendered":"Open AI har inlett ett samarbete f\u00f6r att kunna bli vinstdrivande, rapporterar Reuters. Chat GPT:s skapare har ing\u00e5tt&hellip;\n","protected":false},"author":2,"featured_media":28164,"comment_status":"","ping_status":"","sticky":false,"template":"","format":"standard","meta":{"footnotes":""},"categories":[65],"tags":[735,72,465,70,71,464,463,34,31,33,32,30],"class_list":{"0":"post-28163","1":"post","2":"type-post","3":"status-publish","4":"format-standard","5":"has-post-thumbnail","7":"category-ekonomi","8":"tag-microsoft","9":"tag-business","10":"tag-chat-gpt","11":"tag-economy","12":"tag-ekonomi","13":"tag-open-ai","14":"tag-sam-altman","15":"tag-se","16":"tag-svenska","17":"tag-sverige","18":"tag-sweden","19":"tag-swedish"},"share_on_mastodon":{"url":"","error":""},"_links":{"self":[{"href":"https:\/\/www.europesays.com\/se\/wp-json\/wp\/v2\/posts\/28163","targetHints":{"allow":["GET"]}}],"collection":[{"href":"https:\/\/www.europesays.com\/se\/wp-json\/wp\/v2\/posts"}],"about":[{"href":"https:\/\/www.europesays.com\/se\/wp-json\/wp\/v2\/types\/post"}],"author":[{"embeddable":true,"href":"https:\/\/www.europesays.com\/se\/wp-json\/wp\/v2\/users\/2"}],"replies":[{"embeddable":true,"href":"https:\/\/www.europesays.com\/se\/wp-json\/wp\/v2\/comments?post=28163"}],"version-history":[{"count":0,"href":"https:\/\/www.europesays.com\/se\/wp-json\/wp\/v2\/posts\/28163\/revisions"}],"wp:featuredmedia":[{"embeddable":true,"href":"https:\/\/www.europesays.com\/se\/wp-json\/wp\/v2\/media\/28164"}],"wp:attachment":[{"href":"https:\/\/www.europesays.com\/se\/wp-json\/wp\/v2\/media?parent=28163"}],"wp:term":[{"taxonomy":"category","embeddable":true,"href":"https:\/\/www.europesays.com\/se\/wp-json\/wp\/v2\/categories?post=28163"},{"taxonomy":"post_tag","embeddable":true,"href":"https:\/\/www.europesays.com\/se\/wp-json\/wp\/v2\/tags?post=28163"}],"curies":[{"name":"wp","href":"https:\/\/api.w.org\/{rel}","templated":true}]}}