{"id":28184,"date":"2025-09-12T09:26:12","date_gmt":"2025-09-12T09:26:12","guid":{"rendered":"https:\/\/www.europesays.com\/se\/28184\/"},"modified":"2025-09-12T09:26:12","modified_gmt":"2025-09-12T09:26:12","slug":"klart-apples-storsta-och-basta-sci-fi-serie-far-en-fjarde-sasong","status":"publish","type":"post","link":"https:\/\/www.europesays.com\/se\/28184\/","title":{"rendered":"Klart: Apples st\u00f6rsta (och b\u00e4sta) sci-fi-serie f\u00e5r en fj\u00e4rde s\u00e4song"},"content":{"rendered":"<p>Apples <strong>\u201dFoundation\u201d<\/strong> \u00e4r en av v\u00e5ra just nu st\u00f6rsta sci-fi-serier. Den tredje s\u00e4songen, i vilken vi bland annat f\u00e5tt se \u201dGame of Thrones\u201d-dansken <a href=\"https:\/\/www.moviezine.se\/nyheter\/mikael-persbrandt-foundation-apple-tv-plus-pilou-intervju\" rel=\"nofollow noopener\" target=\"_blank\">Pilou Asbaek ers\u00e4tta Mikael Persbrandt<\/a> som intergalaktisk storskurk, har s\u00e4nts nu under sommaren. Tittarsiffrorna har uppenbarligen varit stabila, f\u00f6r <strong>Apple har nu valt att g\u00e5 vidare med en fj\u00e4rde s\u00e4song<\/strong>.<\/p>\n<p>\u201dFoundation\u201d \u00e4r baserad p\u00e5 de stilbildande sci-fi-b\u00f6ckerna av Isaac Asimov. Ber\u00e4ttelsen kretsar kring ett galaktiskt kejsard\u00f6me som \u00e4r f\u00f6rutsp\u00e5tt att falla samman i en serie allt mer fruktansv\u00e4rda apokalypser. F\u00f6r att bevara samh\u00e4llet grundas organisationen The Foundation av matematikern Hari Seldon. Relationen mellan honom och kejsard\u00f6met \u00e4r dock allt annat \u00e4n stabil, och dessutom hotas allesammans av s\u00e5v\u00e4l yttre fiender som oanade apokalypser. <\/p>\n<p>I huvudrollerna ser vi <strong>Jared Harris<\/strong> (\u201dChernobyl\u201d), <strong>Lee Pace<\/strong> (\u201dHobbit\u201d-filmerna), <strong>Lou Lobell<\/strong> (\u201dVoyagers\u201d), <strong>Laura Birn<\/strong> (\u201dThe Crow\u201d) och ovan n\u00e4mnde <strong>Pilou Asbaek<\/strong> (\u201dGame of Thrones\u201d).<\/p>\n<p>Den fj\u00e4rde s\u00e4songen av \u201dFoundation\u201d saknar i skrivande stund premi\u00e4rdatum, men de tre existerande s\u00e4songerna har alla sl\u00e4ppts kring sommaren vartannat \u00e5r, s\u00e5 en gissning \u00e4r att vi f\u00e5r se seriens fj\u00e4rde s\u00e4song runt sommaren 2027. <\/p>\n<p>L\u00e4s ocks\u00e5: <a href=\"https:\/\/www.moviezine.se\/nyheter\/jared-harris-foundation-chernobyl-intervju-johan-renck-apple-tv-plus\" title=\"En av de mest tankev\u00e4ckande sci-fi-serierna \u00e4r tillbaka: \u201dHaft ett enormt inflytande\u201d\" class=\"underline-custom !font-montserrat !font-bold !underline-offset-4 !decoration-4 !decoration-moviezine-green !text-md\" rel=\"nofollow noopener\" target=\"_blank\">En av de mest tankev\u00e4ckande sci-fi-serierna \u00e4r tillbaka: \u201dHaft ett enormt inflytande\u201d<\/a><\/p>\n<p>L\u00e4s ocks\u00e5: <a href=\"https:\/\/www.moviezine.se\/nyheter\/trailerpremiar-sommarens-dyraste-tv-serie-kallas-storre-an-game-of-thrones\" title=\"Trailerpremi\u00e4r! Sommarens dyraste tv-serie kallas \u201dst\u00f6rre \u00e4n Game of Thrones\u201d\" class=\"underline-custom !font-montserrat !font-bold !underline-offset-4 !decoration-4 !decoration-moviezine-green !text-md\" rel=\"nofollow noopener\" target=\"_blank\">Trailerpremi\u00e4r! Sommarens dyraste tv-serie kallas \u201dst\u00f6rre \u00e4n Game of Thrones\u201d<\/a><\/p>\n","protected":false},"excerpt":{"rendered":"Apples \u201dFoundation\u201d \u00e4r en av v\u00e5ra just nu st\u00f6rsta sci-fi-serier. Den tredje s\u00e4songen, i vilken vi bland annat&hellip;\n","protected":false},"author":2,"featured_media":28185,"comment_status":"","ping_status":"","sticky":false,"template":"","format":"standard","meta":{"footnotes":""},"categories":[66],"tags":[2570,80,78,79,34,31,33,32,30,81,84,83,82],"class_list":{"0":"post-28184","1":"post","2":"type-post","3":"status-publish","4":"format-standard","5":"has-post-thumbnail","7":"category-vetenskap-och-teknik","8":"tag-apple-tv-plus","9":"tag-science","10":"tag-science-and-technology","11":"tag-scienceandtechnology","12":"tag-se","13":"tag-svenska","14":"tag-sverige","15":"tag-sweden","16":"tag-swedish","17":"tag-technology","18":"tag-teknik","19":"tag-vetenskap","20":"tag-vetenskapteknik"},"share_on_mastodon":{"url":"","error":""},"_links":{"self":[{"href":"https:\/\/www.europesays.com\/se\/wp-json\/wp\/v2\/posts\/28184","targetHints":{"allow":["GET"]}}],"collection":[{"href":"https:\/\/www.europesays.com\/se\/wp-json\/wp\/v2\/posts"}],"about":[{"href":"https:\/\/www.europesays.com\/se\/wp-json\/wp\/v2\/types\/post"}],"author":[{"embeddable":true,"href":"https:\/\/www.europesays.com\/se\/wp-json\/wp\/v2\/users\/2"}],"replies":[{"embeddable":true,"href":"https:\/\/www.europesays.com\/se\/wp-json\/wp\/v2\/comments?post=28184"}],"version-history":[{"count":0,"href":"https:\/\/www.europesays.com\/se\/wp-json\/wp\/v2\/posts\/28184\/revisions"}],"wp:featuredmedia":[{"embeddable":true,"href":"https:\/\/www.europesays.com\/se\/wp-json\/wp\/v2\/media\/28185"}],"wp:attachment":[{"href":"https:\/\/www.europesays.com\/se\/wp-json\/wp\/v2\/media?parent=28184"}],"wp:term":[{"taxonomy":"category","embeddable":true,"href":"https:\/\/www.europesays.com\/se\/wp-json\/wp\/v2\/categories?post=28184"},{"taxonomy":"post_tag","embeddable":true,"href":"https:\/\/www.europesays.com\/se\/wp-json\/wp\/v2\/tags?post=28184"}],"curies":[{"name":"wp","href":"https:\/\/api.w.org\/{rel}","templated":true}]}}