{"id":28235,"date":"2025-09-12T10:45:08","date_gmt":"2025-09-12T10:45:08","guid":{"rendered":"https:\/\/www.europesays.com\/se\/28235\/"},"modified":"2025-09-12T10:45:08","modified_gmt":"2025-09-12T10:45:08","slug":"friidrottsikonen-stangs-av-fran-alla-tavlingar","status":"publish","type":"post","link":"https:\/\/www.europesays.com\/se\/28235\/","title":{"rendered":"Friidrottsikonen st\u00e4ngs av fr\u00e5n alla t\u00e4vlingar"},"content":{"rendered":"<p>Den amerikanska friidrottslegendaren Mike Powell st\u00e4ngs av fr\u00e5n all friidrott p\u00e5 obest\u00e4md tid \u2013 dagen innan VM startar i Tokyo. Det rapporterar Expressen. <\/p>\n<p>Beslutet har tagits av antidopingsorganet AIU som slagit fast att Powell brutit mot reglerna om en \u201ds\u00e4ker milj\u00f6 inom friidrotten\u201d, det som kallas safeguarding. <\/p>\n<p>Powell \u00e4r k\u00e4nd f\u00f6r sitt v\u00e4rldsrekord i l\u00e4ngdhopp p\u00e5 8,95 som han tog 1991. I dag \u00e4r han tr\u00e4nare f\u00f6r Azusa Pacific University i USA, men stoppas fr\u00e5n alla t\u00e4vlingar p\u00e5 alla niv\u00e5er.<\/p>\n<p>Omni \u00e4r politiskt obundna och oberoende. Vi str\u00e4var efter att ge fler perspektiv p\u00e5 nyheterna. Har du fr\u00e5gor eller synpunkter kring v\u00e5r rapportering? <a href=\"https:\/\/omni.se\/friidrottsikonen-stangs-av-fran-alla-tavlingar\/a\/mailto:redaktion@omni.se\" class=\"ArticleActions_contactLink__W2F1M\" rel=\"nofollow noopener\" target=\"_blank\">Kontakta redaktionen<\/a><\/p>\n","protected":false},"excerpt":{"rendered":"Den amerikanska friidrottslegendaren Mike Powell st\u00e4ngs av fr\u00e5n all friidrott p\u00e5 obest\u00e4md tid \u2013 dagen innan VM startar&hellip;\n","protected":false},"author":2,"featured_media":28236,"comment_status":"","ping_status":"","sticky":false,"template":"","format":"standard","meta":{"footnotes":""},"categories":[68],"tags":[1364,3241,3240,34,111,110,31,33,32,30],"class_list":{"0":"post-28235","1":"post","2":"type-post","3":"status-publish","4":"format-standard","5":"has-post-thumbnail","7":"category-sport","8":"tag-friidrott","9":"tag-friidrotts-vm","10":"tag-mike-powell","11":"tag-se","12":"tag-sport","13":"tag-sports","14":"tag-svenska","15":"tag-sverige","16":"tag-sweden","17":"tag-swedish"},"share_on_mastodon":{"url":"","error":""},"_links":{"self":[{"href":"https:\/\/www.europesays.com\/se\/wp-json\/wp\/v2\/posts\/28235","targetHints":{"allow":["GET"]}}],"collection":[{"href":"https:\/\/www.europesays.com\/se\/wp-json\/wp\/v2\/posts"}],"about":[{"href":"https:\/\/www.europesays.com\/se\/wp-json\/wp\/v2\/types\/post"}],"author":[{"embeddable":true,"href":"https:\/\/www.europesays.com\/se\/wp-json\/wp\/v2\/users\/2"}],"replies":[{"embeddable":true,"href":"https:\/\/www.europesays.com\/se\/wp-json\/wp\/v2\/comments?post=28235"}],"version-history":[{"count":0,"href":"https:\/\/www.europesays.com\/se\/wp-json\/wp\/v2\/posts\/28235\/revisions"}],"wp:featuredmedia":[{"embeddable":true,"href":"https:\/\/www.europesays.com\/se\/wp-json\/wp\/v2\/media\/28236"}],"wp:attachment":[{"href":"https:\/\/www.europesays.com\/se\/wp-json\/wp\/v2\/media?parent=28235"}],"wp:term":[{"taxonomy":"category","embeddable":true,"href":"https:\/\/www.europesays.com\/se\/wp-json\/wp\/v2\/categories?post=28235"},{"taxonomy":"post_tag","embeddable":true,"href":"https:\/\/www.europesays.com\/se\/wp-json\/wp\/v2\/tags?post=28235"}],"curies":[{"name":"wp","href":"https:\/\/api.w.org\/{rel}","templated":true}]}}