{"id":282639,"date":"2026-06-21T11:02:12","date_gmt":"2026-06-21T11:02:12","guid":{"rendered":"https:\/\/www.europesays.com\/se\/282639\/"},"modified":"2026-06-21T11:02:12","modified_gmt":"2026-06-21T11:02:12","slug":"rasmus-helge-och-nathalie-basiri-forlovade-efter-gravidlyckan","status":"publish","type":"post","link":"https:\/\/www.europesays.com\/se\/282639\/","title":{"rendered":"Rasmus Helge och Nathalie Basiri f\u00f6rlovade \u2013 efter gravidlyckan"},"content":{"rendered":"<p>Publicerad 21 jun 2026 kl 12.47<\/p>\n<p>F\u00f6rst gravidlycka och nu f\u00f6rlovning!<\/p>\n<p>Rasmus Helge som s\u00f6kte k\u00e4rleken i \u201dBonde s\u00f6ker fru\u201d i fjol har f\u00f6rlovat sig med Nathalie Basiri.\u00a0<\/p>\n<p><img   alt=\"\"\/><\/p>\n<p>Rasmus Helge och Nathalie Basiri i \u201dBonde s\u00f6ker fru\u201d.<\/p>\n<p>Foto: TV4<\/p>\n<p>\u00d6ppna bild i helsk\u00e4rm<img loading=\"lazy\"   alt=\"\"\/><\/p>\n<p>Nathalie visar upp f\u00f6rlovningsringen p\u00e5 Instagram.<\/p>\n<p>Foto: TV4<\/p>\n<p>\u00d6ppna bild i helsk\u00e4rm<img loading=\"lazy\"   alt=\"\"\/><\/p>\n<p>En kyss f\u00f6r att fira f\u00f6rlovningen.<\/p>\n<p>Foto: TV4<\/p>\n<p>\u00d6ppna bild i helsk\u00e4rm<\/p>\n<p>Rasmus Helge, 26, i Gullsp\u00e5ng norr om Mariestad vid V\u00e4nern, medverkade i \u201d<a href=\"https:\/\/www.expressen.se\/tagg\/organization\/bonde-soker-fru\/\" class=\"\" rel=\"nofollow noopener\" target=\"_blank\">Bonde s\u00f6ker fru<\/a>\u201d 2025.<\/p>\n<p>D\u00e4r hittade han k\u00e4rleken i brevskrivaren Nathalie Basiri, 29.<\/p>\n<p>Tidigare i veckan ber\u00e4ttade paret att de v\u00e4ntar sitt f\u00f6rsta barn.<\/p>\n<p>\u201dVi \u00e4r s\u00e5 glada, kommer bli v\u00e5rat livs st\u00f6rsta k\u00e4rlek. Hon har k\u00e4nt av att hon \u00e4r gravid men nu b\u00f6rjar det bli lite b\u00e4ttre\u201d, skrev Rasmus i ett meddelande till Expressen d\u00e5.<\/p>\n<p>Nya gl\u00e4djen<\/p>\n<p>Nu har paret \u00e4ven f\u00f6rlovat sig.<\/p>\n<p>Nathalie visar upp f\u00f6rlovningsringen i ett inl\u00e4gg p\u00e5 Instagram och skriver:<\/p>\n<p>\u201dJag trodde inte livet kunde ge mig s\u00e5 mycket p\u00e5 en g\u00e5ng. Jag har inte bara turen att f\u00e5 bli mamma, jag \u00e4r ocks\u00e5 blivande fru Helge. Dr\u00f6mmar sl\u00e5r faktiskt in\u201d, f\u00f6ljt av ett r\u00f6tt hj\u00e4rta.<\/p>\n<p>Rasmus ber\u00e4ttar ocks\u00e5 om f\u00f6rlovningen p\u00e5 Instagram.<\/p>\n<p>\u201dHon sa jaaa!!\u201d, skriver tv-bonden.<\/p>\n<p><a href=\"https:\/\/www.instagram.com\/p\/DZ1wSUpMyA8\/?hidecaption=true\" data-provider=\"instagram\" class=\"js-social-embed\" rel=\"nofollow noopener\" target=\"_blank\">https:\/\/www.instagram.com\/p\/DZ1wSUpMyA8\/?hidecaption=true<\/a><script async src=\"\/\/www.instagram.com\/embed.js\"><\/script><\/p>\n","protected":false},"excerpt":{"rendered":"Publicerad 21 jun 2026 kl 12.47 F\u00f6rst gravidlycka och nu f\u00f6rlovning! Rasmus Helge som s\u00f6kte k\u00e4rleken i \u201dBonde&hellip;\n","protected":false},"author":2,"featured_media":282640,"comment_status":"","ping_status":"","sticky":false,"template":"","format":"standard","meta":{"footnotes":"","_share_on_mastodon":"0"},"categories":[67],"tags":[104,3979,384,34,31,33,32,30,218,105],"class_list":["post-282639","post","type-post","status-publish","format-standard","has-post-thumbnail","category-underhallning","tag-entertainment","tag-organization-bonde-soker-fru","tag-organization-tv4","tag-se","tag-svenska","tag-sverige","tag-sweden","tag-swedish","tag-topic-realityprogram","tag-underhallning"],"share_on_mastodon":{"url":"https:\/\/pubeurope.com\/@se\/116787763375065436","error":""},"_links":{"self":[{"href":"https:\/\/www.europesays.com\/se\/wp-json\/wp\/v2\/posts\/282639","targetHints":{"allow":["GET"]}}],"collection":[{"href":"https:\/\/www.europesays.com\/se\/wp-json\/wp\/v2\/posts"}],"about":[{"href":"https:\/\/www.europesays.com\/se\/wp-json\/wp\/v2\/types\/post"}],"author":[{"embeddable":true,"href":"https:\/\/www.europesays.com\/se\/wp-json\/wp\/v2\/users\/2"}],"replies":[{"embeddable":true,"href":"https:\/\/www.europesays.com\/se\/wp-json\/wp\/v2\/comments?post=282639"}],"version-history":[{"count":0,"href":"https:\/\/www.europesays.com\/se\/wp-json\/wp\/v2\/posts\/282639\/revisions"}],"wp:featuredmedia":[{"embeddable":true,"href":"https:\/\/www.europesays.com\/se\/wp-json\/wp\/v2\/media\/282640"}],"wp:attachment":[{"href":"https:\/\/www.europesays.com\/se\/wp-json\/wp\/v2\/media?parent=282639"}],"wp:term":[{"taxonomy":"category","embeddable":true,"href":"https:\/\/www.europesays.com\/se\/wp-json\/wp\/v2\/categories?post=282639"},{"taxonomy":"post_tag","embeddable":true,"href":"https:\/\/www.europesays.com\/se\/wp-json\/wp\/v2\/tags?post=282639"}],"curies":[{"name":"wp","href":"https:\/\/api.w.org\/{rel}","templated":true}]}}