{"id":282677,"date":"2026-06-21T11:46:07","date_gmt":"2026-06-21T11:46:07","guid":{"rendered":"https:\/\/www.europesays.com\/se\/282677\/"},"modified":"2026-06-21T11:46:07","modified_gmt":"2026-06-21T11:46:07","slug":"ny-tullavgift-dyrare-att-klicka-hem-prylar-fran-kina-och-usa","status":"publish","type":"post","link":"https:\/\/www.europesays.com\/se\/282677\/","title":{"rendered":"Ny tullavgift \u2013\u00a0dyrare att klicka hem prylar fr\u00e5n Kina och USA"},"content":{"rendered":"<p>Publicerad 21 jun 2026 kl 13.27<\/p>\n<p>Det blir dyrare f\u00f6r svenskar att klicka hem prylar fr\u00e5n USA och Kina. I juli inf\u00f6rs en ny tullavgift, men best\u00e4llningar som lagts innan dess kan ocks\u00e5 drabbas.<\/p>\n<p><img   alt=\"\"\/> <\/p>\n<p>Foto: Mattias de Frumerie \/ TT NYHETSBYR\u00c5N<\/p>\n<p>\u00d6ppna bild i helsk\u00e4rm<img loading=\"lazy\"   alt=\"\"\/> <\/p>\n<p>Foto: Jessica Gow \/ TT NYHETSBYR\u00c5N<\/p>\n<p>\u00d6ppna bild i helsk\u00e4rm<\/p>\n<p>\u2013 Lagen tr\u00e4der i kraft 1 juli, s\u00e5 har du best\u00e4llt n\u00e5got tidigare och det inte kommer fram innan dess tillkommer avgiften, s\u00e4ger Maria Wiezell, expert p\u00e5 konsumentr\u00e4tt p\u00e5 Sveriges Konsumenter.<\/p>\n<p>De nya reglerna omfattar varor som \u00e4r v\u00e4rda upp till 150 euro. Avgiften ligger p\u00e5 3 euro, ungef\u00e4r 33 kronor, men den totala kostnaden kan bli h\u00f6gre.<\/p>\n<p>\u2013 Om jag exempelvis k\u00f6per b\u00e5de en tr\u00f6ja och ett par skor (i samma paket), allts\u00e5 tv\u00e5 olika varuslag, blir det ju tv\u00e5 g\u00e5nger avgiften.<\/p>\n<p>Trots att det nu blir dyrare f\u00f6r svenskar att handla, tycker Wiezell att de nya reglerna \u00e4r bra.<\/p>\n<p>\u2013 Eftersom vi har f\u00e5tt in s\u00e5 mycket sm\u00e5paket fr\u00e5n f\u00f6retr\u00e4desvis asiatiska l\u00e4nder med produkter som inte uppfyller v\u00e5ra s\u00e4kerhets- och kemikaliekrav tycker jag det \u00e4r viktigt att man g\u00f6r n\u00e5got f\u00f6r att begr\u00e4nsa on\u00f6dig handel, s\u00e4ger hon.<\/p>\n<p>\u201dDyrt att \u00e5ngra sig\u201d<\/p>\n<p>Tullverket kommer inte att betala tillbaka avgiften n\u00e4r en konsument skickar tillbaka en vara, ifall varan \u00e4r felfri, <a href=\"https:\/\/www.tullverket.se\/privat\/panatet\/handlapanatet\/tullraknarenvadaravgiftenpaminvara\/omtullarochavgifternarduhandlarpanatet\/nytullavgiftfranden1juli2026.4.5dd2f9d519e1cbdf1a071f.html\" rel=\"nofollow noopener\" target=\"_blank\">skriver myndigheten p\u00e5 sin hemsida<\/a>.<\/p>\n<p>Det kan g\u00f6ra att \u201dslarviga best\u00e4llningar\u201d minskar, s\u00e4ger Wiezell.<\/p>\n<p>\u2013 Det blir dyrt att \u00e5ngra sig. Nu f\u00e5r man t\u00e4nka efter lite grann innan man g\u00f6r en best\u00e4llning.<\/p>\n<p>Den nya avgiften g\u00e4ller alla varor som skickas fr\u00e5n l\u00e4nder utanf\u00f6r EU.<\/p>\n<p>\u2013 Vi best\u00e4ller ju mycket fr\u00e5n <a href=\"https:\/\/www.expressen.se\/tagg\/location\/usa\/\" class=\"\" rel=\"nofollow noopener\" target=\"_blank\">USA<\/a>. Det kan vara sm\u00e5elektronik och s\u00e5dant, s\u00e4ger Wiezell.<\/p>\n<p>Konsumentens ansvar<\/p>\n<p>Det blir upp till konsumenten att ha koll p\u00e5 varifr\u00e5n varorna fraktas.<\/p>\n<p>\u2013 Om du best\u00e4ller fr\u00e5n en europeisk sida, men som fraktar fr\u00e5n USA eller Asien, d\u00e5 blir det ocks\u00e5 en tullavgift.<\/p>\n<p>Avgiften baseras allts\u00e5 inte p\u00e5 vilken hemsida man best\u00e4ller fr\u00e5n, utan fr\u00e5n vilket land varan skickas.<\/p>\n<p>\u2013 Tyv\u00e4rr ser vi ofta att konsumenter tror att man k\u00f6per fr\u00e5n ett svenskt f\u00f6retag, men sedan skickas varorna fr\u00e5n exempelvis Kina.<\/p>\n<p>I december i fjol enades EU:s finansministrar om den nya avgiften, med syfte att motverka str\u00f6mmen av billiga importvaror fr\u00e5n kinesiska e-handelsf\u00f6retag som Shein och Temu.<\/p>\n","protected":false},"excerpt":{"rendered":"Publicerad 21 jun 2026 kl 13.27 Det blir dyrare f\u00f6r svenskar att klicka hem prylar fr\u00e5n USA och&hellip;\n","protected":false},"author":2,"featured_media":282678,"comment_status":"","ping_status":"","sticky":false,"template":"","format":"standard","meta":{"footnotes":"","_share_on_mastodon":"0"},"categories":[65],"tags":[72,70,71,972,45,2259,34,607,31,33,32,30],"class_list":["post-282677","post","type-post","status-publish","format-standard","has-post-thumbnail","category-ekonomi","tag-business","tag-economy","tag-ekonomi","tag-location-kina","tag-location-usa","tag-organization-tullverket","tag-se","tag-sections-konsument","tag-svenska","tag-sverige","tag-sweden","tag-swedish"],"share_on_mastodon":{"url":"https:\/\/pubeurope.com\/@se\/116787936446850924","error":""},"_links":{"self":[{"href":"https:\/\/www.europesays.com\/se\/wp-json\/wp\/v2\/posts\/282677","targetHints":{"allow":["GET"]}}],"collection":[{"href":"https:\/\/www.europesays.com\/se\/wp-json\/wp\/v2\/posts"}],"about":[{"href":"https:\/\/www.europesays.com\/se\/wp-json\/wp\/v2\/types\/post"}],"author":[{"embeddable":true,"href":"https:\/\/www.europesays.com\/se\/wp-json\/wp\/v2\/users\/2"}],"replies":[{"embeddable":true,"href":"https:\/\/www.europesays.com\/se\/wp-json\/wp\/v2\/comments?post=282677"}],"version-history":[{"count":0,"href":"https:\/\/www.europesays.com\/se\/wp-json\/wp\/v2\/posts\/282677\/revisions"}],"wp:featuredmedia":[{"embeddable":true,"href":"https:\/\/www.europesays.com\/se\/wp-json\/wp\/v2\/media\/282678"}],"wp:attachment":[{"href":"https:\/\/www.europesays.com\/se\/wp-json\/wp\/v2\/media?parent=282677"}],"wp:term":[{"taxonomy":"category","embeddable":true,"href":"https:\/\/www.europesays.com\/se\/wp-json\/wp\/v2\/categories?post=282677"},{"taxonomy":"post_tag","embeddable":true,"href":"https:\/\/www.europesays.com\/se\/wp-json\/wp\/v2\/tags?post=282677"}],"curies":[{"name":"wp","href":"https:\/\/api.w.org\/{rel}","templated":true}]}}