{"id":283110,"date":"2026-06-21T22:52:11","date_gmt":"2026-06-21T22:52:11","guid":{"rendered":"https:\/\/www.europesays.com\/se\/283110\/"},"modified":"2026-06-21T22:52:11","modified_gmt":"2026-06-21T22:52:11","slug":"tva-doda-efter-bilolycka-i-kalix-kommun","status":"publish","type":"post","link":"https:\/\/www.europesays.com\/se\/283110\/","title":{"rendered":"Tv\u00e5 d\u00f6da efter bilolycka i Kalix kommun"},"content":{"rendered":"<p>Uppdaterad 22 jun 2026 kl 00.09Publicerad 21 jun 2026 kl 20.51<\/p>\n<p>Tv\u00e5 m\u00e4n i 20-\u00e5rs\u00e5ldern har d\u00f6tt i en trafikolycka i Kalix kommun. \u00a0<\/p>\n<p>En personbil k\u00f6rde av v\u00e4gen och hamnade en bit in i skogen.\u00a0<\/p>\n<p>Totalt har fem personer d\u00f6tt i trafiken under midsommarhelgen.\u00a0<\/p>\n<p>Senaste nyhetsklippen fr\u00e5n Expressen.<img   alt=\"\"\/><\/p>\n<p>D\u00f6dsolyckan intr\u00e4ffade i Kalix kommun under s\u00f6ndagseftermiddagen.<\/p>\n<p>Foto: Roland Magnusson \/ Shutterstock<\/p>\n<p>\u00d6ppna bild i helsk\u00e4rm<\/p>\n<p>P\u00e5 s\u00f6ndagseftermiddagen intr\u00e4ffade en allvarlig trafikolycka v\u00e4g 720 i n\u00e4rheten av M\u00f6rttr\u00e4sk i Kalix kommun. Enligt r\u00e4ddningstj\u00e4nsten hade en personbil k\u00f6rt av v\u00e4gen och hamnat en bit in i skogen. Polis, ambulans och r\u00e4ddningstj\u00e4nst larmades till olycksplatsen.\u00a0<\/p>\n<p>\u201dPolisens helikopter samt polispatruller \u00e4r p\u00e5 plats f\u00f6r att utreda h\u00e4ndelsen som i nul\u00e4get rubriceras som grov v\u00e5rdsl\u00f6shet i trafik\u201d, skev polisen p\u00e5 sin hemsida.\u00a0<\/p>\n<p>Kort efter olyckan ville polisen inte ber\u00e4tta f\u00f6r Expressen hur m\u00e5nga personer som var drabbade. Vad som orsakat olyckan \u00e4r oklart.\u00a0<\/p>\n<p>Tv\u00e5 unga m\u00e4n d\u00f6da\u00a0<\/p>\n<p>Vid klockan 20:40 skriver polisen i en uppdatering av notisen p\u00e5 hemsidan att tv\u00e5 personer \u201d\u00e4r konstaterat avlidna\u201d efter olyckan och att anh\u00f6riga \u00e4r underr\u00e4ttade.\u00a0<\/p>\n<p>Polisen \u00e4r f\u00e5ordig om vad som har h\u00e4nt.\u00a0<\/p>\n<p>\u2013 Vi kommer inte g\u00e5 ut med n\u00e5gra detaljer alls, s\u00e4ger vakthavande bef\u00e4l p\u00e5 polisen i region Nord.\u00a0<\/p>\n<p>Vid 23-tiden skriver polisen att det \u00e4r tv\u00e5 m\u00e4n i 20-\u00e5rs\u00e5ldern, hemmah\u00f6rande i Lule\u00e5, som omkommit.\u00a0<\/p>\n<p>Fem d\u00f6da under helgen<\/p>\n<p>Totalt har nu fem personer d\u00f6tt i trafikolyckor under midsommarhelgen. Ett \u00e4ldre par dog i en olycka utanf\u00f6r Bor\u00e5s p\u00e5 fredagen och en man dog i en mc-olycka i Huddinge under natten mot l\u00f6rdagen.\u00a0<\/p>\n","protected":false},"excerpt":{"rendered":"Uppdaterad 22 jun 2026 kl 00.09Publicerad 21 jun 2026 kl 20.51 Tv\u00e5 m\u00e4n i 20-\u00e5rs\u00e5ldern har d\u00f6tt i&hellip;\n","protected":false},"author":2,"featured_media":283111,"comment_status":"","ping_status":"","sticky":false,"template":"","format":"standard","meta":{"footnotes":"","_share_on_mastodon":"0"},"categories":[14],"tags":[22,23,26,27,17,21,24,25,28,29,15,16,18,34,154,31,33,32,30,19,427,4070,20,51,52,53,54],"class_list":["post-283110","post","type-post","status-publish","format-standard","has-post-thumbnail","category-varlden","tag-breaking-news","tag-breakingnews","tag-featured-news","tag-featurednews","tag-headlines","tag-huvudnyheter","tag-latest-news","tag-latestnews","tag-main-news","tag-mainnews","tag-news","tag-nyheter","tag-rubriker","tag-se","tag-sections-sverige","tag-svenska","tag-sverige","tag-sweden","tag-swedish","tag-top-stories","tag-topic-dodsfall","tag-topic-trafikolycka","tag-topstories","tag-varlden","tag-world","tag-world-news","tag-worldnews"],"share_on_mastodon":{"url":"https:\/\/pubeurope.com\/@se\/116790555205184993","error":""},"_links":{"self":[{"href":"https:\/\/www.europesays.com\/se\/wp-json\/wp\/v2\/posts\/283110","targetHints":{"allow":["GET"]}}],"collection":[{"href":"https:\/\/www.europesays.com\/se\/wp-json\/wp\/v2\/posts"}],"about":[{"href":"https:\/\/www.europesays.com\/se\/wp-json\/wp\/v2\/types\/post"}],"author":[{"embeddable":true,"href":"https:\/\/www.europesays.com\/se\/wp-json\/wp\/v2\/users\/2"}],"replies":[{"embeddable":true,"href":"https:\/\/www.europesays.com\/se\/wp-json\/wp\/v2\/comments?post=283110"}],"version-history":[{"count":0,"href":"https:\/\/www.europesays.com\/se\/wp-json\/wp\/v2\/posts\/283110\/revisions"}],"wp:featuredmedia":[{"embeddable":true,"href":"https:\/\/www.europesays.com\/se\/wp-json\/wp\/v2\/media\/283111"}],"wp:attachment":[{"href":"https:\/\/www.europesays.com\/se\/wp-json\/wp\/v2\/media?parent=283110"}],"wp:term":[{"taxonomy":"category","embeddable":true,"href":"https:\/\/www.europesays.com\/se\/wp-json\/wp\/v2\/categories?post=283110"},{"taxonomy":"post_tag","embeddable":true,"href":"https:\/\/www.europesays.com\/se\/wp-json\/wp\/v2\/tags?post=283110"}],"curies":[{"name":"wp","href":"https:\/\/api.w.org\/{rel}","templated":true}]}}