{"id":283116,"date":"2026-06-21T23:00:24","date_gmt":"2026-06-21T23:00:24","guid":{"rendered":"https:\/\/www.europesays.com\/se\/283116\/"},"modified":"2026-06-21T23:00:24","modified_gmt":"2026-06-21T23:00:24","slug":"ovantat-trumkort-nar-jd-vance-leder-usas-forhandlng-med-iran","status":"publish","type":"post","link":"https:\/\/www.europesays.com\/se\/283116\/","title":{"rendered":"Ov\u00e4ntat trumkort n\u00e4r JD Vance leder USA:s f\u00f6rhandlng med Iran"},"content":{"rendered":"<p> <img alt=\"\" class=\"_image_4ruhh_84 layout-component layout-wide\" data-fullscreen- data-track-element-type=\"Article image fullscreen\" data-track-name=\"ImageFullscreen\" fetchpriority=\"high\" decoding=\"sync\" loading=\"eager\" height=\"4677\" itemprop=\"image\"  src=\"https:\/\/www.europesays.com\/se\/wp-content\/uploads\/2026\/06\/189410df-f58a-334a-9683-d5722492b2c6.jpeg\"  style=\"object-position:0% 0%\" width=\"7016\"\/><\/p>\n<p class=\"_textTheme_zldsx_1 _lead_2e275_2 _lead_181bi_18 layout-component layout-normal layout-padded _lead_o6m9k_5 _leadTheme_1q6sv_1 body-large bold\">Tv\u00e5 saker kan hj\u00e4lpa JD Vance i de p\u00e5g\u00e5ende f\u00f6rhandlingarna med Iran. Hans initiala skepsis mot kriget och hans syn p\u00e5 Israel. \u201dDet ger honom trov\u00e4rdighet\u201d, s\u00e4ger den amerikanska professorn Stephen Zunes till SvD. <\/p>\n<p><a class=\"_link_1wc6r_108\" href=\"https:\/\/svd.se\/av\/louise-andren-meiton\" title=\"Louise Andr\u00e9n Meiton\" rel=\"nofollow noopener\" target=\"_blank\"><img alt=\"Bild av Louise Andr\u00e9n Meiton\" class=\"_image_1wc6r_85\" fetchpriority=\"low\" decoding=\"async\" itemprop=\"image\" loading=\"lazy\"  src=\"https:\/\/www.europesays.com\/se\/wp-content\/uploads\/2026\/06\/1782082824_829_de88e397-8e9e-4cdf-b92f-88624609079f.png\"  width=\"480\"\/><\/a>          <\/p>\n<p class=\"_textTheme_zldsx_1 _paragraph_2e275_4 _paragraph_181bi_27 layout-component layout-normal layout-padded body-medium\">JD Vance spelar en viktigare roll \u00e4n m\u00e5nga andra amerikanska vicepresidenter. Den analysen g\u00f6r professor Stephen Zunes vid universitetet i San Francisco. <\/p>\n<p class=\"_textTheme_zldsx_1 _paragraph_2e275_4 _paragraph_181bi_27 layout-component layout-normal layout-padded body-medium\">\u2013 P\u00e5 1800-talet fanns en skr\u00f6na om tv\u00e5 br\u00f6der. En blev sj\u00f6man, den andre vice president, och ingen h\u00f6rde av n\u00e5gon av dem d\u00e4refter, s\u00e4ger Stephen Zunes p\u00e5 telefon fr\u00e5n USA. <\/p>\n","protected":false},"excerpt":{"rendered":"Tv\u00e5 saker kan hj\u00e4lpa JD Vance i de p\u00e5g\u00e5ende f\u00f6rhandlingarna med Iran. Hans initiala skepsis mot kriget och&hellip;\n","protected":false},"author":2,"featured_media":283117,"comment_status":"","ping_status":"","sticky":false,"template":"","format":"standard","meta":{"footnotes":"","_share_on_mastodon":"0"},"categories":[14],"tags":[22,23,385,26,27,17,15581,21,1530,403,24,25,28,29,15,16,18,34,31,33,32,30,19,20,51,52,53,54],"class_list":["post-283116","post","type-post","status-publish","format-standard","has-post-thumbnail","category-varlden","tag-breaking-news","tag-breakingnews","tag-donald-trump","tag-featured-news","tag-featurednews","tag-headlines","tag-hormuzsundet","tag-huvudnyheter","tag-iran","tag-jd-vance","tag-latest-news","tag-latestnews","tag-main-news","tag-mainnews","tag-news","tag-nyheter","tag-rubriker","tag-se","tag-svenska","tag-sverige","tag-sweden","tag-swedish","tag-top-stories","tag-topstories","tag-varlden","tag-world","tag-world-news","tag-worldnews"],"share_on_mastodon":{"url":"https:\/\/pubeurope.com\/@se\/116790587131858737","error":""},"_links":{"self":[{"href":"https:\/\/www.europesays.com\/se\/wp-json\/wp\/v2\/posts\/283116","targetHints":{"allow":["GET"]}}],"collection":[{"href":"https:\/\/www.europesays.com\/se\/wp-json\/wp\/v2\/posts"}],"about":[{"href":"https:\/\/www.europesays.com\/se\/wp-json\/wp\/v2\/types\/post"}],"author":[{"embeddable":true,"href":"https:\/\/www.europesays.com\/se\/wp-json\/wp\/v2\/users\/2"}],"replies":[{"embeddable":true,"href":"https:\/\/www.europesays.com\/se\/wp-json\/wp\/v2\/comments?post=283116"}],"version-history":[{"count":0,"href":"https:\/\/www.europesays.com\/se\/wp-json\/wp\/v2\/posts\/283116\/revisions"}],"wp:featuredmedia":[{"embeddable":true,"href":"https:\/\/www.europesays.com\/se\/wp-json\/wp\/v2\/media\/283117"}],"wp:attachment":[{"href":"https:\/\/www.europesays.com\/se\/wp-json\/wp\/v2\/media?parent=283116"}],"wp:term":[{"taxonomy":"category","embeddable":true,"href":"https:\/\/www.europesays.com\/se\/wp-json\/wp\/v2\/categories?post=283116"},{"taxonomy":"post_tag","embeddable":true,"href":"https:\/\/www.europesays.com\/se\/wp-json\/wp\/v2\/tags?post=283116"}],"curies":[{"name":"wp","href":"https:\/\/api.w.org\/{rel}","templated":true}]}}