{"id":283253,"date":"2026-06-22T04:02:11","date_gmt":"2026-06-22T04:02:11","guid":{"rendered":"https:\/\/www.europesays.com\/se\/283253\/"},"modified":"2026-06-22T04:02:11","modified_gmt":"2026-06-22T04:02:11","slug":"vate-academy-far-utbildningstillstand-fran-transportstyrelsen-jarnvagar-nu","status":"publish","type":"post","link":"https:\/\/www.europesays.com\/se\/283253\/","title":{"rendered":"V\u00e4te Academy f\u00e5r utbildningstillst\u00e5nd fr\u00e5n Transportstyrelsen \u2013 J\u00e4rnv\u00e4gar.nu"},"content":{"rendered":"<p style=\"font-weight: 400;\">\u201dDet h\u00e4r \u00e4r ett betydelsefullt steg f\u00f6r oss. Vi \u00e4r stolta \u00f6ver att nu kunna erbjuda utbildningar i egen regi\u201d, s\u00e4ger Filip Forslund vd f\u00f6r V\u00e4te Academy.<\/p>\n<p style=\"font-weight: 400;\">J\u00e4rnv\u00e4gsbranschen st\u00e5r inf\u00f6r stora kompetensutmaningar de kommande \u00e5ren, och behovet av kvalificerad utbildning \u00e4r fortsatt stort. V\u00e4te Academy avser att vara en aktiv akt\u00f6r i denna utveckling genom att erbjuda relevanta och branschn\u00e4ra utbildningar.<\/p>\n<p style=\"font-weight: 400;\">\u201dVi ser fram emot att forts\u00e4tta utveckla v\u00e5r utbildningsportf\u00f6lj och v\u00e4lkomna deltagare som vill vara med och forma framtidens j\u00e4rnv\u00e4g\u201d, s\u00e4ger Matilda Hektor, utbildningsansvarig.<\/p>\n","protected":false},"excerpt":{"rendered":"\u201dDet h\u00e4r \u00e4r ett betydelsefullt steg f\u00f6r oss. Vi \u00e4r stolta \u00f6ver att nu kunna erbjuda utbildningar i&hellip;\n","protected":false},"author":2,"featured_media":283254,"comment_status":"","ping_status":"","sticky":false,"template":"","format":"standard","meta":{"footnotes":"","_share_on_mastodon":"0"},"categories":[65],"tags":[72,70,71,34,31,33,32,30,2708],"class_list":["post-283253","post","type-post","status-publish","format-standard","has-post-thumbnail","category-ekonomi","tag-business","tag-economy","tag-ekonomi","tag-se","tag-svenska","tag-sverige","tag-sweden","tag-swedish","tag-utbildning"],"share_on_mastodon":{"url":"https:\/\/pubeurope.com\/@se\/116791774227659054","error":""},"_links":{"self":[{"href":"https:\/\/www.europesays.com\/se\/wp-json\/wp\/v2\/posts\/283253","targetHints":{"allow":["GET"]}}],"collection":[{"href":"https:\/\/www.europesays.com\/se\/wp-json\/wp\/v2\/posts"}],"about":[{"href":"https:\/\/www.europesays.com\/se\/wp-json\/wp\/v2\/types\/post"}],"author":[{"embeddable":true,"href":"https:\/\/www.europesays.com\/se\/wp-json\/wp\/v2\/users\/2"}],"replies":[{"embeddable":true,"href":"https:\/\/www.europesays.com\/se\/wp-json\/wp\/v2\/comments?post=283253"}],"version-history":[{"count":0,"href":"https:\/\/www.europesays.com\/se\/wp-json\/wp\/v2\/posts\/283253\/revisions"}],"wp:featuredmedia":[{"embeddable":true,"href":"https:\/\/www.europesays.com\/se\/wp-json\/wp\/v2\/media\/283254"}],"wp:attachment":[{"href":"https:\/\/www.europesays.com\/se\/wp-json\/wp\/v2\/media?parent=283253"}],"wp:term":[{"taxonomy":"category","embeddable":true,"href":"https:\/\/www.europesays.com\/se\/wp-json\/wp\/v2\/categories?post=283253"},{"taxonomy":"post_tag","embeddable":true,"href":"https:\/\/www.europesays.com\/se\/wp-json\/wp\/v2\/tags?post=283253"}],"curies":[{"name":"wp","href":"https:\/\/api.w.org\/{rel}","templated":true}]}}