{"id":28379,"date":"2025-09-12T13:53:25","date_gmt":"2025-09-12T13:53:25","guid":{"rendered":"https:\/\/www.europesays.com\/se\/28379\/"},"modified":"2025-09-12T13:53:25","modified_gmt":"2025-09-12T13:53:25","slug":"trots-israels-order-who-stannar-kvar-i-gaza-stad","status":"publish","type":"post","link":"https:\/\/www.europesays.com\/se\/28379\/","title":{"rendered":"Trots Israels order \u2013 WHO stannar kvar i Gaza stad"},"content":{"rendered":"<p>V\u00e4rldsh\u00e4lsoorganisationen (WHO) meddelar att dess personal kommer att stanna kvar i Gaza stad trots den israeliska ordern om att m\u00e4nniskor ska l\u00e4mna, rapporterar TT. I ett inl\u00e4gg p\u00e5 X skriver WHO-chefen Tedros Adhanom Ghebreyesus att organisationen \u201d\u00e4r best\u00f6rt \u00f6ver den senaste evakueringsordern\u201d.<\/p>\n<p>Runt en miljon bed\u00f6ms enligt FN befinna sig i eller i n\u00e4rheten av staden, och att kravet p\u00e5 att inv\u00e5narna ska ta sig till en \u201dhumanit\u00e4r zon\u201d i s\u00f6dra Gaza \u00e4r ogenomf\u00f6rbart.<\/p>\n<p>\u201dZonen har varken storleken eller omfattningen av tj\u00e4nster som beh\u00f6vs f\u00f6r att st\u00f6dja dem som redan \u00e4r d\u00e4r, \u00e4n mindre nya personer som kommer dit\u201d, skriver WHO-chefen.<\/p>\n<p>Omni \u00e4r politiskt obundna och oberoende. Vi str\u00e4var efter att ge fler perspektiv p\u00e5 nyheterna. Har du fr\u00e5gor eller synpunkter kring v\u00e5r rapportering? <a href=\"https:\/\/omni.se\/trots-israels-order-who-stannar-kvar-i-gaza-stad\/a\/mailto:redaktion@omni.se\" class=\"ArticleActions_contactLink__W2F1M\" rel=\"nofollow noopener\" target=\"_blank\">Kontakta redaktionen<\/a><\/p>\n","protected":false},"excerpt":{"rendered":"V\u00e4rldsh\u00e4lsoorganisationen (WHO) meddelar att dess personal kommer att stanna kvar i Gaza stad trots den israeliska ordern om&hellip;\n","protected":false},"author":2,"featured_media":28380,"comment_status":"","ping_status":"","sticky":false,"template":"","format":"standard","meta":{"footnotes":""},"categories":[14],"tags":[22,23,26,27,121,17,21,342,24,25,28,29,124,125,15,16,123,18,34,31,33,32,30,3248,19,20,51,3249,52,53,54],"class_list":{"0":"post-28379","1":"post","2":"type-post","3":"status-publish","4":"format-standard","5":"has-post-thumbnail","7":"category-varlden","8":"tag-breaking-news","9":"tag-breakingnews","10":"tag-featured-news","11":"tag-featurednews","12":"tag-gaza","13":"tag-headlines","14":"tag-huvudnyheter","15":"tag-israel","16":"tag-latest-news","17":"tag-latestnews","18":"tag-main-news","19":"tag-mainnews","20":"tag-mellanostern","21":"tag-mellanosternkrisen","22":"tag-news","23":"tag-nyheter","24":"tag-palestina","25":"tag-rubriker","26":"tag-se","27":"tag-svenska","28":"tag-sverige","29":"tag-sweden","30":"tag-swedish","31":"tag-tedros-adhanom-ghebreyesus","32":"tag-top-stories","33":"tag-topstories","34":"tag-varlden","35":"tag-who","36":"tag-world","37":"tag-world-news","38":"tag-worldnews"},"share_on_mastodon":{"url":"","error":""},"_links":{"self":[{"href":"https:\/\/www.europesays.com\/se\/wp-json\/wp\/v2\/posts\/28379","targetHints":{"allow":["GET"]}}],"collection":[{"href":"https:\/\/www.europesays.com\/se\/wp-json\/wp\/v2\/posts"}],"about":[{"href":"https:\/\/www.europesays.com\/se\/wp-json\/wp\/v2\/types\/post"}],"author":[{"embeddable":true,"href":"https:\/\/www.europesays.com\/se\/wp-json\/wp\/v2\/users\/2"}],"replies":[{"embeddable":true,"href":"https:\/\/www.europesays.com\/se\/wp-json\/wp\/v2\/comments?post=28379"}],"version-history":[{"count":0,"href":"https:\/\/www.europesays.com\/se\/wp-json\/wp\/v2\/posts\/28379\/revisions"}],"wp:featuredmedia":[{"embeddable":true,"href":"https:\/\/www.europesays.com\/se\/wp-json\/wp\/v2\/media\/28380"}],"wp:attachment":[{"href":"https:\/\/www.europesays.com\/se\/wp-json\/wp\/v2\/media?parent=28379"}],"wp:term":[{"taxonomy":"category","embeddable":true,"href":"https:\/\/www.europesays.com\/se\/wp-json\/wp\/v2\/categories?post=28379"},{"taxonomy":"post_tag","embeddable":true,"href":"https:\/\/www.europesays.com\/se\/wp-json\/wp\/v2\/tags?post=28379"}],"curies":[{"name":"wp","href":"https:\/\/api.w.org\/{rel}","templated":true}]}}