{"id":284462,"date":"2026-06-23T05:47:13","date_gmt":"2026-06-23T05:47:13","guid":{"rendered":"https:\/\/www.europesays.com\/se\/284462\/"},"modified":"2026-06-23T05:47:13","modified_gmt":"2026-06-23T05:47:13","slug":"ulf-kristersson-jag-ar-blind-pa-ena-ogat","status":"publish","type":"post","link":"https:\/\/www.europesays.com\/se\/284462\/","title":{"rendered":"Ulf Kristersson: Jag \u00e4r blind p\u00e5 ena \u00f6gat"},"content":{"rendered":"<p>L\u00e4karna misst\u00e4nkte en hj\u00e4rntum\u00f6r<\/p>\n<p>Kristersson ber\u00e4ttar ocks\u00e5 om en dramatisk h\u00e4ndelse fr\u00e5n ungdomen som m\u00e5nga inte k\u00e4nner till: att han f\u00f6rlorade synen p\u00e5 ena \u00f6gat.<\/p>\n<p>Det h\u00e4nde under v\u00e4rnplikten, efter att en kraftig inflammation slog ut synnerven. Enligt Ulf Kristersson det mest dramatiska han varit med om.<\/p>\n<p>L\u00e4karna misst\u00e4nkte f\u00f6rst allvarliga orsaker, bland annat en hj\u00e4rntum\u00f6r.<\/p>\n<p>\u201cJag trodde det var en vagel, men de la in mig. De sa \u201dvi m\u00e5ste utesluta n\u00e5gra saker\u201d, det betydde att det kunde vara tryckf\u00f6r\u00e4ndringar i hj\u00e4rnan, en tum\u00f6r helt enkelt\u201d<\/p>\n<p>Efter veckor av behandling lyckades l\u00e4karna r\u00e4dda synen p\u00e5 det ena \u00f6gat \u2013 men inte det andra. Trots det s\u00e4ger han att han i dag s\u00e4llan t\u00e4nker p\u00e5 det.<\/p>\n<p>Intervjun bjuder ocks\u00e5 p\u00e5 en mer ov\u00e4ntad detalj: Kristersson har faktiskt medverkat i en film av regiss\u00f6ren Suzanne Osten. Men det \u00e4r inget han verkar s\u00e4rskilt stolt \u00f6ver.<\/p>\n<p>\u201cJag var med i hennes enda d\u00e5liga film. Jag, Ulrica Messing och n\u00e5n till spelade politiska medarbetare till Fransesca Quartey, Etienne Glaser och Bj\u00f6rn Kjellman\u201d<\/p>\n<p>Filmen heter \u201dBara du &amp; jag\u201d och hade premi\u00e4r 1994. Den som \u00e4r uppm\u00e4rksam noterar b\u00e5de Ulf Kristersson och Ulrica Messing, som senare blev minister f\u00f6r Socialdemokraterna, l\u00e5ngt ner i eftertexterna. B\u00e5da namnen \u00e4r felstavade.<\/p>\n<p><strong>L\u00e4s mer p\u00e5 News55:<\/strong><\/p>\n<p><a href=\"https:\/\/www.news55.se\/livsstil\/kultur-noje\/filmen-om-carola-far-varldspremiar-pa-way-out-west\/\" rel=\"nofollow noopener\" target=\"_blank\">Filmen om Carola har v\u00e4rldspremi\u00e4r p\u00e5 Way Out West<\/a><\/p>\n<p><a href=\"https:\/\/www.news55.se\/livsstil\/celebriteter\/carola-tappade-en-tand-innan-hon-sjong-for-kungaparet\/\" target=\"_blank\" rel=\"noreferrer noopener nofollow\">Carola tappade en tand \u2013 innan hon sj\u00f6ng f\u00f6r kungaparet<\/a><\/p>\n<p><a href=\"https:\/\/www.news55.se\/livsstil\/varldsrekordet-i-aktenskap-sa-lange-har-paret-varit-gifta\/\" target=\"_blank\" rel=\"noreferrer noopener nofollow\">V\u00e4rldsrekordet i \u00e4ktenskap \u2013 s\u00e5 l\u00e4nge har paret varit gifta<\/a><\/p>\n<p><a href=\"https:\/\/www.news55.se\/livsstil\/semester-och-samre-somn-sa-gor-du-for-att-sova-battre\/\" target=\"_blank\" rel=\"noreferrer noopener nofollow\">Semester och s\u00e4mre s\u00f6mn? S\u00e5 g\u00f6r du f\u00f6r att sova b\u00e4ttre<\/a><\/p>\n<p><a href=\"https:\/\/www.news55.se\/livsstil\/tre-av-fyra-syskon-over-100-ar-man-vaknar-och-ar-en-dag-aldre\/\" target=\"_blank\" rel=\"noreferrer noopener nofollow\">Tre av fyra syskon \u00f6ver 100 \u00e5r: \u201cMan vaknar och \u00e4r en dag \u00e4ldre\u201d<\/a><\/p>\n<p>L\u00e4s mer fr\u00e5n News55 &#8211; v\u00e5rt nyhetsbrev \u00e4r kostnadsfritt:Prenumerera<\/p>\n","protected":false},"excerpt":{"rendered":"L\u00e4karna misst\u00e4nkte en hj\u00e4rntum\u00f6r Kristersson ber\u00e4ttar ocks\u00e5 om en dramatisk h\u00e4ndelse fr\u00e5n ungdomen som m\u00e5nga inte k\u00e4nner till:&hellip;\n","protected":false},"author":2,"featured_media":284463,"comment_status":"","ping_status":"","sticky":false,"template":"","format":"standard","meta":{"footnotes":"","_share_on_mastodon":"0"},"categories":[67],"tags":[17626,104,25684,34,1546,25685,31,33,32,30,1111,105],"class_list":["post-284462","post","type-post","status-publish","format-standard","has-post-thumbnail","category-underhallning","tag-birgitta-ed","tag-entertainment","tag-sagerska-palatset","tag-se","tag-strangnas","tag-suzanne-osten","tag-svenska","tag-sverige","tag-sweden","tag-swedish","tag-ulf-kristersson","tag-underhallning"],"share_on_mastodon":{"url":"https:\/\/pubeurope.com\/@se\/116797849254088256","error":""},"_links":{"self":[{"href":"https:\/\/www.europesays.com\/se\/wp-json\/wp\/v2\/posts\/284462","targetHints":{"allow":["GET"]}}],"collection":[{"href":"https:\/\/www.europesays.com\/se\/wp-json\/wp\/v2\/posts"}],"about":[{"href":"https:\/\/www.europesays.com\/se\/wp-json\/wp\/v2\/types\/post"}],"author":[{"embeddable":true,"href":"https:\/\/www.europesays.com\/se\/wp-json\/wp\/v2\/users\/2"}],"replies":[{"embeddable":true,"href":"https:\/\/www.europesays.com\/se\/wp-json\/wp\/v2\/comments?post=284462"}],"version-history":[{"count":0,"href":"https:\/\/www.europesays.com\/se\/wp-json\/wp\/v2\/posts\/284462\/revisions"}],"wp:featuredmedia":[{"embeddable":true,"href":"https:\/\/www.europesays.com\/se\/wp-json\/wp\/v2\/media\/284463"}],"wp:attachment":[{"href":"https:\/\/www.europesays.com\/se\/wp-json\/wp\/v2\/media?parent=284462"}],"wp:term":[{"taxonomy":"category","embeddable":true,"href":"https:\/\/www.europesays.com\/se\/wp-json\/wp\/v2\/categories?post=284462"},{"taxonomy":"post_tag","embeddable":true,"href":"https:\/\/www.europesays.com\/se\/wp-json\/wp\/v2\/tags?post=284462"}],"curies":[{"name":"wp","href":"https:\/\/api.w.org\/{rel}","templated":true}]}}