{"id":284995,"date":"2026-06-23T13:59:10","date_gmt":"2026-06-23T13:59:10","guid":{"rendered":"https:\/\/www.europesays.com\/se\/284995\/"},"modified":"2026-06-23T13:59:10","modified_gmt":"2026-06-23T13:59:10","slug":"man-atalas-for-sexuellt-ofredande-mot-en-till-bachelor-profil","status":"publish","type":"post","link":"https:\/\/www.europesays.com\/se\/284995\/","title":{"rendered":"Man \u00e5talas f\u00f6r sexuellt ofredande mot en till \u201dBachelor\u201d-profil"},"content":{"rendered":"<p>Uppdaterad 23 jun 2026 kl 15.57Publicerad 23 jun 2026 kl 15.24<\/p>\n<p>I slutet av maj d\u00f6mdes en man f\u00f6r att ha utsatt tv-profilen Malin Sj\u00f6str\u00f6m f\u00f6r sexuellt ofredande.<\/p>\n<p>Nu \u00e5talas mannen p\u00e5 nytt \u2013 efter att ha utsatt ytterligare en \u201dBachelor\u201d-deltagare f\u00f6r samma brott.\u00a0<\/p>\n<p><img   alt=\"\"\/><\/p>\n<p>\u201dBachelor\u201d s\u00e4ndes i TV4 under sommaren 2025.<\/p>\n<p>Foto: PATRIK C \u00d6STERBERG \/ MEDIABILD\/IBL<\/p>\n<p>\u00d6ppna bild i helsk\u00e4rm<\/p>\n<p>Expressen har tidigare rapporterat om en 48-\u00e5rig man som d\u00f6mts f\u00f6r ofredande och sexuellt ofredande mot Malin Sj\u00f6str\u00f6m, 30, som medverkade i TV4:s \u201d<a href=\"https:\/\/www.expressen.se\/tagg\/organization\/bachelor\/\" class=\"\" rel=\"nofollow noopener\" target=\"_blank\">Bachelor<\/a>\u201d 2025.\u00a0<\/p>\n<p>Det var i samband med att s\u00e4songen hade premi\u00e4r i juni f\u00f6rra \u00e5ret som mannen, som \u00e4r bosatt i Stockholmsomr\u00e5det, b\u00f6rjade h\u00f6ra av sig via sms och samtal.\u00a0<\/p>\n<p>\u2013 Jag var v\u00e4ldigt tydlig med att \u201dNu r\u00e4cker det, jag vill inte ha n\u00e5gon kontakt\u201d och bad honom sluta. Men han forts\u00e4tter. S\u00e5 till slut blockade jag hans nummer, men d\u00e5 n\u00e4r jag blockade hans nummer s\u00e5 ringer ett annat nummer och jag svarade. Och d\u00e5 \u00e4r det han, har Sj\u00f6str\u00f6m tidigare ber\u00e4ttat f\u00f6r Expressen.<\/p>\n<p>Nu \u00e5talas mannen f\u00f6r att ha utsatt ytterligare en \u201dBachelor\u201d-deltagare f\u00f6r sexuellt ofredande.\u00a0<\/p>\n<p><img loading=\"lazy\"   alt=\"\"\/><\/p>\n<p>Malin Sj\u00f6str\u00f6m medverkade i \u201dBachelor\u201d p\u00e5 TV4. S\u00e4songen s\u00e4ndes sommaren 2025.<\/p>\n<p>Foto: TV4<\/p>\n<p>\u00d6ppna bild i helsk\u00e4rmVille ge \u201dBachelor\u201d-deltagaren oralsex<\/p>\n<p>Enligt det nya \u00e5talet ska mannen ha skickat sms med \u201dsexuellt inneh\u00e5ll\u201d till henne vid upprepade tillf\u00e4llen.<\/p>\n<p>Han ska bland annat fr\u00e5gat om han f\u00e5r kyssa hennes rumpa och hennes f\u00f6tter och ge henne oralsex.<\/p>\n<p>De o\u00f6nskade kontaktf\u00f6rs\u00f6ken ska ha p\u00e5g\u00e5tt fr\u00e5n juli f\u00f6rra \u00e5ret till mitten av februari i \u00e5r, och inletts bara dagar efter att mannen slutade h\u00f6ra av sig till Malin Sj\u00f6str\u00f6m, enligt f\u00f6runders\u00f6kningen.<\/p>\n<p><img loading=\"lazy\"   alt=\"\"\/><\/p>\n<p>I sms till \u201dBachelor\u201d-profilen har 48-\u00e5ringen skrivit att han vill utf\u00f6ra oralsex p\u00e5 henne.<\/p>\n<p>Foto: Polisens f\u00f6runders\u00f6kning<\/p>\n<p>\u00d6ppna bild i helsk\u00e4rm<img loading=\"lazy\"   alt=\"\"\/><\/p>\n<p>Den \u00e5talade mannen skriver att han vill kyssa hennes f\u00f6tter efter att hon bett honom sluta h\u00f6ra av sig.<\/p>\n<p>Foto: Polisens f\u00f6runders\u00f6kning<\/p>\n<p>\u00d6ppna bild i helsk\u00e4rm<\/p>\n<p>Flera g\u00e5nger ska \u201dBachelor\u201d-deltagaren ha bett 48-\u00e5ringen att sluta h\u00f6ra av sig. \u00a0<\/p>\n<p>\u201dNN har efter det fortsatt att ringa och sms:a till XX d\u00e4r han forts\u00e4tter att skriva att han vill g\u00f6ra sexuella tj\u00e4nster och att XX \u00e4r en gudinna och snygg. NN har \u00e4ven skickat GIF:s till XX som han klippt ihop p\u00e5 henne fr\u00e5n tv-programmet\u201d, st\u00e5r det i f\u00f6runders\u00f6kningen.\u00a0<\/p>\n<p>I f\u00f6rh\u00f6r har mannen konsekvent svarat att han \u201dinte vet\u201d eller \u201dinte kommer ih\u00e5g\u201d n\u00e4r han f\u00e5tt fr\u00e5gor om sms:en han skickat till \u201dBachelor\u201d-deltagaren.\u00a0<\/p>\n<p>Expressen har s\u00f6kt den utsatta kvinnan som inte vill kommentera \u00e5talet under den p\u00e5g\u00e5ende utredningen.\u00a0<\/p>\n<p>Tidigare d\u00f6md f\u00f6r sexuellt ofredande<\/p>\n<p>I slutet av maj d\u00f6mdes mannen f\u00f6r brott mot Malin Sj\u00f6str\u00f6m. Han fick villkorlig dom och dagsb\u00f6ter p\u00e5 totalt 2000 kronor f\u00f6r ofredande och sexuellt ofredande. Han ska ocks\u00e5 betala skadest\u00e5nd till Malin Sj\u00f6str\u00f6m.<\/p>\n<p>Mannen d\u00f6mdes mot sitt nekande.<\/p>\n<p>\u2013 Jag tycker att det \u00e4r j\u00e4ttebra att han blev d\u00f6md. Nu \u00e4r det inte j\u00e4ttemycket straff som han fick. Men minsta lilla \u00e4r v\u00e4ldigt bra och jag hoppas att han f\u00e5r sig en tankest\u00e4llare, sa Sj\u00f6str\u00f6m till Expressen i samband med domen.\u00a0<\/p>\n<p>Expressen har s\u00f6kt mannen som inte vill kommentera det nya \u00e5talet.\u00a0<\/p>\n<p><strong>L\u00c4S MER: <\/strong><a href=\"https:\/\/www.expressen.se\/noje\/tv-och-streaming\/bachelor-profilen-malin-sjostrom-utsattes-for-sexuellt-ofredande\/\" class=\"\" rel=\"nofollow noopener\" target=\"_blank\">\u201dBachelor\u201d-profilen Malin Sj\u00f6str\u00f6m utsattes f\u00f6r sexuellt ofredande<\/a><\/p>\n","protected":false},"excerpt":{"rendered":"Uppdaterad 23 jun 2026 kl 15.57Publicerad 23 jun 2026 kl 15.24 I slutet av maj d\u00f6mdes en man&hellip;\n","protected":false},"author":2,"featured_media":284996,"comment_status":"","ping_status":"","sticky":false,"template":"","format":"standard","meta":{"footnotes":"","_share_on_mastodon":"0"},"categories":[67],"tags":[104,440,765,384,34,645,31,33,32,30,17578,136,218,105],"class_list":["post-284995","post","type-post","status-publish","format-standard","has-post-thumbnail","category-underhallning","tag-entertainment","tag-function-unga","tag-organization-bachelor","tag-organization-tv4","tag-se","tag-sections-tv","tag-svenska","tag-sverige","tag-sweden","tag-swedish","tag-topic-kandisnyheter","tag-topic-rattegangar-domar","tag-topic-realityprogram","tag-underhallning"],"share_on_mastodon":{"url":"https:\/\/pubeurope.com\/@se\/116799783951524274","error":""},"_links":{"self":[{"href":"https:\/\/www.europesays.com\/se\/wp-json\/wp\/v2\/posts\/284995","targetHints":{"allow":["GET"]}}],"collection":[{"href":"https:\/\/www.europesays.com\/se\/wp-json\/wp\/v2\/posts"}],"about":[{"href":"https:\/\/www.europesays.com\/se\/wp-json\/wp\/v2\/types\/post"}],"author":[{"embeddable":true,"href":"https:\/\/www.europesays.com\/se\/wp-json\/wp\/v2\/users\/2"}],"replies":[{"embeddable":true,"href":"https:\/\/www.europesays.com\/se\/wp-json\/wp\/v2\/comments?post=284995"}],"version-history":[{"count":0,"href":"https:\/\/www.europesays.com\/se\/wp-json\/wp\/v2\/posts\/284995\/revisions"}],"wp:featuredmedia":[{"embeddable":true,"href":"https:\/\/www.europesays.com\/se\/wp-json\/wp\/v2\/media\/284996"}],"wp:attachment":[{"href":"https:\/\/www.europesays.com\/se\/wp-json\/wp\/v2\/media?parent=284995"}],"wp:term":[{"taxonomy":"category","embeddable":true,"href":"https:\/\/www.europesays.com\/se\/wp-json\/wp\/v2\/categories?post=284995"},{"taxonomy":"post_tag","embeddable":true,"href":"https:\/\/www.europesays.com\/se\/wp-json\/wp\/v2\/tags?post=284995"}],"curies":[{"name":"wp","href":"https:\/\/api.w.org\/{rel}","templated":true}]}}