{"id":285289,"date":"2026-06-23T20:24:13","date_gmt":"2026-06-23T20:24:13","guid":{"rendered":"https:\/\/www.europesays.com\/se\/285289\/"},"modified":"2026-06-23T20:24:13","modified_gmt":"2026-06-23T20:24:13","slug":"klipp-pa-usas-vicepresidenten-jd-vance-i-schweiz-har-blivit-virala-och-vacker-fragor-om-vad-som-hande","status":"publish","type":"post","link":"https:\/\/www.europesays.com\/se\/285289\/","title":{"rendered":"Klipp p\u00e5 USA:s vicepresidenten JD Vance i Schweiz har blivit virala och v\u00e4cker fr\u00e5gor om vad som h\u00e4nde"},"content":{"rendered":"<p> <a href=\"https:\/\/svd.se\/av\/jesper-sunden\" title=\"Jesper Sund\u00e9n\" rel=\"nofollow noopener\" target=\"_blank\"><img decoding=\"async\" alt=\"Jesper Sund\u00e9n\" class=\"_image_12vp2_69\" loading=\"lazy\"  src=\"https:\/\/www.europesays.com\/se\/wp-content\/uploads\/2026\/06\/1782246252_900_d334846b-185d-407a-ac8e-5e3af3f33238.png\"  width=\"40\"\/><\/a><img alt=\"\" class=\"_image_4ruhh_84 layout-component layout-wide\" data-fullscreen- data-track-element-type=\"Article image fullscreen\" data-track-name=\"ImageFullscreen\" fetchpriority=\"high\" decoding=\"sync\" loading=\"eager\" height=\"3669\" itemprop=\"image\"  src=\"https:\/\/www.europesays.com\/se\/wp-content\/uploads\/2026\/06\/33c14c17-224e-3c20-bfb6-69f8b33bd3ad.jpeg\"  style=\"object-position:0% 0%\" width=\"5500\"\/><\/p>\n<p class=\"_textTheme_zldsx_1 _lead_2e275_2 _lead_181bi_18 layout-component layout-normal layout-padded _lead_o6m9k_5 _leadTheme_1q6sv_1 body-large bold\">USA:s vicepresident talar om framsteg i fredsf\u00f6rhandlingarna med Iran. Men virala klipp fr\u00e5n m\u00f6tet i Schweiz har skapat en annan ber\u00e4ttelse. En \u201df\u00f6r\u00f6dmjukelse\u201d, skriver en arabisk influencer.<\/p>\n<p class=\"_textTheme_zldsx_1 _paragraph_2e275_4 _paragraph_181bi_27 layout-component layout-normal\">Detta \u00e4r en kommentar. Eventuella \u00e5sikter som uttrycks \u00e4r skribentens egna.<\/p>\n<p class=\"_textTheme_zldsx_1 _paragraph_2e275_4 _paragraph_181bi_27 layout-component layout-normal layout-padded body-medium\">President Trump har gett sin vicepresident i uppdrag att f\u00f6rhandla om en fredsuppg\u00f6relse med den iranska regimen. Redan fr\u00e5n b\u00f6rjan gjorde han klart att han sj\u00e4lv skulle ta \u00e5t sig \u00e4ran om det gick bra \u2013 men att JD Vance skulle f\u00e5 skulden om det gick d\u00e5ligt.<\/p>\n<p class=\"_textTheme_zldsx_1 _paragraph_2e275_4 _paragraph_181bi_27 layout-component layout-normal layout-padded body-medium\">Nu \u00e4r f\u00f6rhandlingarna l\u00e5ngt ifr\u00e5n f\u00e4rdiga, men hur gick det d\u00e5 under det f\u00f6rsta m\u00f6tet i helgen, i den schweiziska semesterorten B\u00fcrgenstock, med sagolik utsikt \u00f6ver Luzernsj\u00f6n?<\/p>\n","protected":false},"excerpt":{"rendered":"USA:s vicepresident talar om framsteg i fredsf\u00f6rhandlingarna med Iran. Men virala klipp fr\u00e5n m\u00f6tet i Schweiz har skapat&hellip;\n","protected":false},"author":2,"featured_media":285290,"comment_status":"","ping_status":"","sticky":false,"template":"","format":"standard","meta":{"footnotes":"","_share_on_mastodon":"0"},"categories":[5],"tags":[22,23,26,27,17,21,1530,403,24,25,28,29,15,16,18,34,22712,31,33,32,30,19,20,74],"class_list":["post-285289","post","type-post","status-publish","format-standard","has-post-thumbnail","category-rubriker","tag-breaking-news","tag-breakingnews","tag-featured-news","tag-featurednews","tag-headlines","tag-huvudnyheter","tag-iran","tag-jd-vance","tag-latest-news","tag-latestnews","tag-main-news","tag-mainnews","tag-news","tag-nyheter","tag-rubriker","tag-se","tag-svd-fokus-utrikes","tag-svenska","tag-sverige","tag-sweden","tag-swedish","tag-top-stories","tag-topstories","tag-usa"],"share_on_mastodon":{"url":"https:\/\/pubeurope.com\/@se\/116801298322633902","error":""},"_links":{"self":[{"href":"https:\/\/www.europesays.com\/se\/wp-json\/wp\/v2\/posts\/285289","targetHints":{"allow":["GET"]}}],"collection":[{"href":"https:\/\/www.europesays.com\/se\/wp-json\/wp\/v2\/posts"}],"about":[{"href":"https:\/\/www.europesays.com\/se\/wp-json\/wp\/v2\/types\/post"}],"author":[{"embeddable":true,"href":"https:\/\/www.europesays.com\/se\/wp-json\/wp\/v2\/users\/2"}],"replies":[{"embeddable":true,"href":"https:\/\/www.europesays.com\/se\/wp-json\/wp\/v2\/comments?post=285289"}],"version-history":[{"count":0,"href":"https:\/\/www.europesays.com\/se\/wp-json\/wp\/v2\/posts\/285289\/revisions"}],"wp:featuredmedia":[{"embeddable":true,"href":"https:\/\/www.europesays.com\/se\/wp-json\/wp\/v2\/media\/285290"}],"wp:attachment":[{"href":"https:\/\/www.europesays.com\/se\/wp-json\/wp\/v2\/media?parent=285289"}],"wp:term":[{"taxonomy":"category","embeddable":true,"href":"https:\/\/www.europesays.com\/se\/wp-json\/wp\/v2\/categories?post=285289"},{"taxonomy":"post_tag","embeddable":true,"href":"https:\/\/www.europesays.com\/se\/wp-json\/wp\/v2\/tags?post=285289"}],"curies":[{"name":"wp","href":"https:\/\/api.w.org\/{rel}","templated":true}]}}