{"id":286400,"date":"2026-06-24T18:34:11","date_gmt":"2026-06-24T18:34:11","guid":{"rendered":"https:\/\/www.europesays.com\/se\/286400\/"},"modified":"2026-06-24T18:34:11","modified_gmt":"2026-06-24T18:34:11","slug":"tre-far-langa-fangelsestraff-efter-sprangdad-i-tumba-koppling-till-foxtrot","status":"publish","type":"post","link":"https:\/\/www.europesays.com\/se\/286400\/","title":{"rendered":"Tre f\u00e5r l\u00e5nga f\u00e4ngelsestraff efter spr\u00e4ngd\u00e5d i Tumba \u2013 koppling till Foxtrot"},"content":{"rendered":"<p>Uppdaterad 24 jun 2026 kl 19.47Publicerad 24 jun 2026 kl 19.03<\/p>\n<p>En mamma f\u00f6rlorade b\u00e5da benen och hennes lilla dotter skadades sv\u00e5rt n\u00e4r en handgranat kastades in i deras hem i Tumba.<\/p>\n<p>Nu d\u00f6ms tre m\u00e4n till l\u00e5nga f\u00e4ngelsestraff f\u00f6r det brutala spr\u00e4ngd\u00e5det.<\/p>\n<p>Anstiftaren, Tiktok-profilen och g\u00e4ngmannen Joseph Said, 30, f\u00e5r livstids f\u00e4ngelse.\u00a0<\/p>\n<p>Philip Persson, 34, och Jelal Issa, 30, d\u00f6ms ocks\u00e5 till l\u00e5nga f\u00e4ngelsestraff.\u00a0<\/p>\n<p>Mamma och barn skadade i explosionen.<img loading=\"lazy\"   alt=\"\"\/><\/p>\n<p>Jelal Issa, 30, d\u00f6ms till f\u00e4ngelse i elva \u00e5r och tio m\u00e5nader.<\/p>\n<p>Foto: POLISEN<\/p>\n<p>\u00d6ppna bild i helsk\u00e4rm<img loading=\"lazy\"   alt=\"\"\/><\/p>\n<p>Joseph Said, 30, d\u00f6ms till livstids f\u00e4ngelse.<\/p>\n<p>Foto: Polisen<\/p>\n<p>\u00d6ppna bild i helsk\u00e4rm<img loading=\"lazy\"   alt=\"\"\/><\/p>\n<p>Philip Persson d\u00f6ms till f\u00e4ngelse i 13 \u00e5r och tio m\u00e5nader.<\/p>\n<p>Foto: POLISEN<\/p>\n<p>\u00d6ppna bild i helsk\u00e4rmArtikeln i korthet<\/p>\n<p> En mamma f\u00f6rlorade b\u00e5da benen och hennes dotter skadades sv\u00e5rt n\u00e4r en handgranat kastades in i deras hem i Tumba, v\u00e5ren 2025.<\/p>\n<p> Anstiftaren till d\u00e5det \u00e4r en \u00f6k\u00e4nd Tiktok-profil och \u201dkrimfluencer\u201d \u2013 nu d\u00f6ms han till livstids f\u00e4ngelse.<\/p>\n<p> D\u00e5det var egentligen riktat mot en granne.<\/p>\n<p>Visa mer<\/p>\n<p>Spr\u00e4ngningen intr\u00e4ffade i april f\u00f6rra \u00e5ret, n\u00e4r en handgranat kastades in i ett radhus i <a href=\"https:\/\/www.expressen.se\/tagg\/location\/tumba\/\" class=\"\" rel=\"nofollow noopener\" target=\"_blank\">Tumba<\/a> s\u00f6der om Stockholm. Granaten exploderade i ett sovrum och startade en storbrand.<\/p>\n<p>Mamman tvingades amputera b\u00e5da benen. Hennes dotter, som d\u00e5 var fyra \u00e5r gammal, fick mycket allvarliga skador.<\/p>\n<p>D\u00e5det var egentligen riktat mot en granne till familjen, som enligt \u00e5klagaren hade kopplingar till en narkotikaskuld.<\/p>\n<p>Nu har S\u00f6dert\u00f6rns tingsr\u00e4tt d\u00f6mt fem personer f\u00f6r inblandning i spr\u00e4ngd\u00e5det.\u00a0<\/p>\n<p>Anstiftaren till d\u00e5det, Joseph Said, 30, d\u00f6ms till livstids f\u00e4ngelse. Philip Persson, 34, f\u00e5r tretton \u00e5r och tio m\u00e5naders f\u00e4ngelse och Jelal Issa, 30, f\u00e5r elva \u00e5r och tio m\u00e5naders f\u00e4ngelse.<\/p>\n<p>TikTok-profil kopplad till Foxtrot<\/p>\n<p>Joseph Said har varit en k\u00e4nd profil p\u00e5 Tiktok, d\u00e4r han under aliaset \u201dFoxy Spy\u201d rapporterat om g\u00e4ngkriminalitet och spridit propaganda f\u00f6r Foxtrotn\u00e4tverket.\u00a0<\/p>\n<p>Enligt medieuppgifter har han haft tusentals f\u00f6ljare och \u00f6ppet visat att han tillh\u00f6rt Foxtrotn\u00e4tverket. Han ska \u00e4ven ha startat Discordkanaler med minder\u00e5riga anv\u00e4ndare.<\/p>\n<p>\u2013 P\u00e5 min mamma, jag supportar Rawa Majid, jag supportar Foxtrot, s\u00e4ger han i en lives\u00e4ndning p\u00e5 TikTok, enligt <a href=\"https:\/\/www.etc.se\/inrikes\/mamma-foerlorade-benen-i-spraengning-livstids-faengelse-foer-krimfluencer\" rel=\"nofollow noopener\" target=\"_blank\">ETC.<\/a><\/p>\n<p>\u201dKrimfluencern\u201d Joseph Said d\u00f6ms till livstids f\u00e4ngelse f\u00f6r anstiftan till mordf\u00f6rs\u00f6k, och f\u00f6r anstiftan till ytterligare ett spr\u00e4ngd\u00e5d i S\u00e4tra utanf\u00f6r Stockholm. Han d\u00f6ms ocks\u00e5 f\u00f6r anstiftan till grov allm\u00e4nfarlig \u00f6del\u00e4ggelse och till grovt olaga hot.<\/p>\n<p>Gav order via krypterade appar<\/p>\n<p>Utredningen visar att 30-\u00e5rige Joseph Said, som varit bosatt utomlands, gav order om spr\u00e4ngd\u00e5den via krypterade appar, och ber\u00e4ttade f\u00f6r utf\u00f6rarna vad de skulle g\u00f6ra.\u00a0<\/p>\n<p>Han greps i december efter att ha identifierats via ett mobilnummer kopplat till ett annat d\u00e5d.<\/p>\n<p>Enligt ETC ins\u00e5g han redan dagen efter spr\u00e4ngningen i Tumba att fel hus hade drabbats. Joseph Said ska d\u00e5 ha skrivit i en chatt:<\/p>\n<p>\u2013 Bram. Det var fel hus du tog allts\u00e5. Hur fan kan detta h\u00e4nda.<\/p>\n<p>Oskyldigt drabbad familj<\/p>\n<p>Motivet f\u00f6r spr\u00e4ngd\u00e5det i Tumba uppges ha varit en knarkaff\u00e4r, men familjen som drabbades har inga kriminella kopplingar.<\/p>\n<p>Annons<\/p>\n<p><img loading=\"lazy\"   alt=\"\"\/><\/p>\n<p>Stor f\u00f6r\u00f6delse i sovrummet i radhuset i Tumba efter granatattacken.<\/p>\n<p>Foto: POLISEN<\/p>\n<p>\u00d6ppna bild i helsk\u00e4rm<img loading=\"lazy\"   alt=\"\"\/><\/p>\n<p>Stor f\u00f6r\u00f6delse i sovrummet i radhuset i Tumba efter granatattacken.<\/p>\n<p>Foto: POLISEN<\/p>\n<p>\u00d6ppna bild i helsk\u00e4rm<\/p>\n<p>\u2013 Det h\u00e4r \u00e4r ett livstrauma f\u00f6r familjen. Det handlar om enorma fysiska och psykiska skador, s\u00e4ger mamman och dotterns m\u00e5ls\u00e4gandebitr\u00e4de, Anmol Dhaliwal.<\/p>\n<p>Anmol Dhaliwal s\u00e4ger dock att mamman och dottern i \u201dstort sett\u201d \u00e4r n\u00f6jda med domen.<\/p>\n<p>\u2013 Givetvis hade vi ju hoppats p\u00e5 att samtliga skulle bli d\u00f6mda i enlighet med \u00e5talet, och f\u00e5 str\u00e4ngare straff. Men vi \u00e4r i stort sett n\u00f6jda. Nu ska vi diskutera hur vi ska g\u00e5 vidare med allt, s\u00e4ger Anmol Dhaliwal.<\/p>\n<p>Tidigare samma m\u00e5nad \u2013 i april 2025 \u2013 hade en bostad i S\u00e4tra ocks\u00e5 utsatts f\u00f6r spr\u00e4ngd\u00e5d. Flera personer, varav tv\u00e5 sm\u00e5 barn, befann sig i bostaden.<\/p>\n<p>I samband med \u00e5talen slogs b\u00e5da spr\u00e4ngningarna ihop i en r\u00e4tteg\u00e5ng eftersom Joseph Said misst\u00e4nktes ligga bakom b\u00e5da d\u00e5den. Han greps p\u00e5 Arlanda i december efter att ha befunnit sig utomlands.<\/p>\n<p>Fler\u00e5riga straff f\u00f6r medhj\u00e4lpare<\/p>\n<p>Philip Persson, 34, som kastade handgranaten i Tumba, d\u00f6ms till f\u00e4ngelse i 13 \u00e5r och tio m\u00e5nader f\u00f6r fyra mordf\u00f6rs\u00f6k, f\u00f6r grov allm\u00e4nfarlig \u00f6del\u00e4ggelse och f\u00f6r grovt olaga hot.<\/p>\n<p>Jelal Issa, 30, som rekryterat utf\u00f6raren och kommunicerat med anstiftaren, d\u00f6ms till f\u00e4ngelse i elva \u00e5r och tio m\u00e5nader f\u00f6r medhj\u00e4lp till grov allm\u00e4nfarlig \u00f6del\u00e4ggelse och medhj\u00e4lp till grovt olaga hot.<\/p>\n<p>Sammanlagt d\u00f6ms fem personer. En person frias fr\u00e5n misstankar. Samtliga nekade till brott utom Philip Persson, som erk\u00e4nt att han kastade handgranaten.<\/p>\n<p><strong>L\u00c4S MER: <\/strong><a href=\"https:\/\/www.expressen.se\/nyheter\/sverige\/13-aringar-anlitades-for--att-spranga-handgranat\/\" class=\"premium-link\" rel=\"nofollow noopener\" target=\"_blank\">Premium Misstanken: 13-\u00e5ringar anlitades f\u00f6r att spr\u00e4nga handgranat<\/a><strong>L\u00c4S MER: <\/strong><a href=\"https:\/\/www.expressen.se\/nyheter\/sverige\/kvinna-kastade-granater-mot-hus-far-nio-ars-fangelse\/\" class=\"\" rel=\"nofollow noopener\" target=\"_blank\">Kvinna kastade granater mot hus \u2013 f\u00e5r nio \u00e5rs f\u00e4ngelse<\/a><strong>L\u00c4S MER: <\/strong><a href=\"https:\/\/www.expressen.se\/nyheter\/krim\/dalig-knarkaffar-lag-bakom-branddad\/\" class=\"\" rel=\"nofollow noopener\" target=\"_blank\">D\u00e5lig knarkaff\u00e4r l\u00e5g bakom brandd\u00e5d<\/a><\/p>\n","protected":false},"excerpt":{"rendered":"Uppdaterad 24 jun 2026 kl 19.47Publicerad 24 jun 2026 kl 19.03 En mamma f\u00f6rlorade b\u00e5da benen och hennes&hellip;\n","protected":false},"author":2,"featured_media":286401,"comment_status":"","ping_status":"","sticky":false,"template":"","format":"standard","meta":{"footnotes":"","_share_on_mastodon":"0"},"categories":[5],"tags":[22,23,26,27,17,21,24,25,1659,26004,28,29,15,16,3091,18,34,666,31,33,32,30,19,20],"class_list":["post-286400","post","type-post","status-publish","format-standard","has-post-thumbnail","category-rubriker","tag-breaking-news","tag-breakingnews","tag-featured-news","tag-featurednews","tag-headlines","tag-huvudnyheter","tag-latest-news","tag-latestnews","tag-location-satra","tag-location-tumba","tag-main-news","tag-mainnews","tag-news","tag-nyheter","tag-organization-foxtrot-natverket","tag-rubriker","tag-se","tag-sections-krim","tag-svenska","tag-sverige","tag-sweden","tag-swedish","tag-top-stories","tag-topstories"],"share_on_mastodon":{"url":"https:\/\/pubeurope.com\/@se\/116806527707625145","error":""},"_links":{"self":[{"href":"https:\/\/www.europesays.com\/se\/wp-json\/wp\/v2\/posts\/286400","targetHints":{"allow":["GET"]}}],"collection":[{"href":"https:\/\/www.europesays.com\/se\/wp-json\/wp\/v2\/posts"}],"about":[{"href":"https:\/\/www.europesays.com\/se\/wp-json\/wp\/v2\/types\/post"}],"author":[{"embeddable":true,"href":"https:\/\/www.europesays.com\/se\/wp-json\/wp\/v2\/users\/2"}],"replies":[{"embeddable":true,"href":"https:\/\/www.europesays.com\/se\/wp-json\/wp\/v2\/comments?post=286400"}],"version-history":[{"count":0,"href":"https:\/\/www.europesays.com\/se\/wp-json\/wp\/v2\/posts\/286400\/revisions"}],"wp:featuredmedia":[{"embeddable":true,"href":"https:\/\/www.europesays.com\/se\/wp-json\/wp\/v2\/media\/286401"}],"wp:attachment":[{"href":"https:\/\/www.europesays.com\/se\/wp-json\/wp\/v2\/media?parent=286400"}],"wp:term":[{"taxonomy":"category","embeddable":true,"href":"https:\/\/www.europesays.com\/se\/wp-json\/wp\/v2\/categories?post=286400"},{"taxonomy":"post_tag","embeddable":true,"href":"https:\/\/www.europesays.com\/se\/wp-json\/wp\/v2\/tags?post=286400"}],"curies":[{"name":"wp","href":"https:\/\/api.w.org\/{rel}","templated":true}]}}