{"id":286467,"date":"2026-06-24T19:37:14","date_gmt":"2026-06-24T19:37:14","guid":{"rendered":"https:\/\/www.europesays.com\/se\/286467\/"},"modified":"2026-06-24T19:37:14","modified_gmt":"2026-06-24T19:37:14","slug":"19-ariga-filippas-bebisbesked-i-skolan-lararna-inte-jatteglada","status":"publish","type":"post","link":"https:\/\/www.europesays.com\/se\/286467\/","title":{"rendered":"19-\u00e5riga Filippas bebisbesked i skolan: \u201dL\u00e4rarna inte j\u00e4tteglada\u201d"},"content":{"rendered":"<p>Uppdaterad 24 jun 2026 kl 20.26Publicerad 24 jun 2026 kl 20.10<\/p>\n<p>Filippa, 19, har precis tagit studenten.<\/p>\n<p>Om n\u00e5gra veckor fyller hennes dotter ett.<\/p>\n<p>\u2013 Allt g\u00e5r om man vill, s\u00e4ger hon.<\/p>\n<p><img   alt=\"\"\/><\/p>\n<p>Filippa hittade en l\u00f6sning under sin praktik.<\/p>\n<p>Foto: Privat \/ Privat<\/p>\n<p>\u00d6ppna bild i helsk\u00e4rm<img loading=\"lazy\"   alt=\"\"\/><\/p>\n<p>Filippa tillsammans med Didrick och Junie.<\/p>\n<p>Foto: Privat \/ Privat<\/p>\n<p>\u00d6ppna bild i helsk\u00e4rm<\/p>\n<p>\u00c5m\u00e5lsbon Filippa Axelsson, 19, har alltid velat bli mamma.<\/p>\n<p>N\u00e4r graviditetsbeskedet kom tvekade inte Filippa \u2013 trots att hon gick i tv\u00e5an p\u00e5 barn- och fritidsprogrammet p\u00e5 Herrg\u00e5rdsgymnasiet i <a href=\"https:\/\/www.expressen.se\/tagg\/location\/saffle\/\" class=\"\" rel=\"nofollow noopener\" target=\"_blank\">S\u00e4ffle<\/a>.<\/p>\n<p>\u2013 Jag t\u00e4nkte bara att \u201dvad man \u00e4n v\u00e4ljer att g\u00f6ra s\u00e5 kommer det att l\u00f6sa sig\u201d, s\u00e4ger hon.<\/p>\n<p>Hennes pojkv\u00e4n, Didrick Petman, blev chockad men gladdes senare av beskedet att han skulle bli pappa.<\/p>\n<p>Artikeln i korthet<\/p>\n<p>\u00a0N\u00e4r Filippa gick i tv\u00e5an p\u00e5 gymnasiet fick hon beskedet att hon var gravid.\u00a0<\/p>\n<p>\u00a0Hon fortsatte att plugga genom sin graviditet och gjorde sin praktik som nyf\u00f6rl\u00f6st.<\/p>\n<p>\u00a0Nu har hon tagit studenten \u2013 och f\u00e5r vara mammaledig.\u00a0<\/p>\n<p>Visa merBlev gravid: \u201dAllt g\u00e5r om man vill\u201d<\/p>\n<p>Graviditeten pr\u00e4glades av sjukdom och Filippa var i perioder sjukskriven fr\u00e5n skolan.<\/p>\n<p>\u2013 L\u00e4rarna var inte j\u00e4tteglada.<\/p>\n<p>De sista tv\u00e5 veckorna innan dottern Junie f\u00f6ddes lyckades hon plugga ikapp en del av det hon missat. Resten tog hon igen p\u00e5 sommarskola.<\/p>\n<p>\u2013 Det var stressigt. Men allt g\u00e5r om man vill.<\/p>\n<p>Bebisen med p\u00e5 praktiken<\/p>\n<p>Filippa var beredd p\u00e5 att det skulle bli sv\u00e5rt att kombinera studierna med sm\u00e5barnslivet men konstaterar att det var l\u00e4ttare \u00e4n vad hon trodde.<\/p>\n<p>Junie sover p\u00e5 n\u00e4tterna och har inte haft n\u00e5gra problem med att vara med andra n\u00e4r Filippa har varit i skolan.<\/p>\n<p>Sin praktik gjorde hon p\u00e5 en f\u00f6rskola \u2013 och personalen var st\u00f6ttande.<\/p>\n<p>\u2013 Hon har v\u00e4l varit med fyra g\u00e5nger. Hon sm\u00e4lte in bland de andra barnen.<\/p>\n<p>Tuff studentresa<\/p>\n<p>Efter studenten \u00e5kte Filippa med sina klasskamrater p\u00e5 en resa till Rhodos. D\u00e5 var hon borta fr\u00e5n sin dotter i en vecka \u2013 n\u00e5got som skulle visa sig vara sv\u00e5rt.<\/p>\n<p>\u2013 Jag m\u00e5dde v\u00e4ldigt d\u00e5ligt. Ville inte g\u00f6ra n\u00e5gonting, kunde inte \u00e4ta. Det var en obeskrivlig l\u00e4ttnad n\u00e4r jag fick tr\u00e4ffa henne igen.<\/p>\n<p>Om n\u00e5gra veckor fyller hennes dotter Junie ett \u00e5r. Den sista september b\u00f6rjar hon f\u00f6rskolan. Tills dess \u00e4r Filippa mammaledig.<\/p>\n<p>\u2013 Det \u00e4r s\u00e5 roligt att se henne l\u00e4ra sig nya grejer. Det \u00e4r speciellt.<\/p>\n","protected":false},"excerpt":{"rendered":"Uppdaterad 24 jun 2026 kl 20.26Publicerad 24 jun 2026 kl 20.10 Filippa, 19, har precis tagit studenten. Om&hellip;\n","protected":false},"author":2,"featured_media":286468,"comment_status":"","ping_status":"","sticky":false,"template":"","format":"standard","meta":{"footnotes":"","_share_on_mastodon":"0"},"categories":[12],"tags":[22,23,26,27,17,21,24,25,26017,28,29,15,16,18,34,154,31,33,32,30,19,3771,26018,534,687,652,20],"class_list":["post-286467","post","type-post","status-publish","format-standard","has-post-thumbnail","category-sverige","tag-breaking-news","tag-breakingnews","tag-featured-news","tag-featurednews","tag-headlines","tag-huvudnyheter","tag-latest-news","tag-latestnews","tag-location-saffle","tag-main-news","tag-mainnews","tag-news","tag-nyheter","tag-rubriker","tag-se","tag-sections-sverige","tag-svenska","tag-sverige","tag-sweden","tag-swedish","tag-top-stories","tag-topic-barnomsorg","tag-topic-barnuppfostran","tag-topic-foraldraskap","tag-topic-graviditet","tag-topic-skola-utbildning","tag-topstories"],"share_on_mastodon":{"url":"https:\/\/pubeurope.com\/@se\/116806775498520564","error":""},"_links":{"self":[{"href":"https:\/\/www.europesays.com\/se\/wp-json\/wp\/v2\/posts\/286467","targetHints":{"allow":["GET"]}}],"collection":[{"href":"https:\/\/www.europesays.com\/se\/wp-json\/wp\/v2\/posts"}],"about":[{"href":"https:\/\/www.europesays.com\/se\/wp-json\/wp\/v2\/types\/post"}],"author":[{"embeddable":true,"href":"https:\/\/www.europesays.com\/se\/wp-json\/wp\/v2\/users\/2"}],"replies":[{"embeddable":true,"href":"https:\/\/www.europesays.com\/se\/wp-json\/wp\/v2\/comments?post=286467"}],"version-history":[{"count":0,"href":"https:\/\/www.europesays.com\/se\/wp-json\/wp\/v2\/posts\/286467\/revisions"}],"wp:featuredmedia":[{"embeddable":true,"href":"https:\/\/www.europesays.com\/se\/wp-json\/wp\/v2\/media\/286468"}],"wp:attachment":[{"href":"https:\/\/www.europesays.com\/se\/wp-json\/wp\/v2\/media?parent=286467"}],"wp:term":[{"taxonomy":"category","embeddable":true,"href":"https:\/\/www.europesays.com\/se\/wp-json\/wp\/v2\/categories?post=286467"},{"taxonomy":"post_tag","embeddable":true,"href":"https:\/\/www.europesays.com\/se\/wp-json\/wp\/v2\/tags?post=286467"}],"curies":[{"name":"wp","href":"https:\/\/api.w.org\/{rel}","templated":true}]}}