{"id":286511,"date":"2026-06-24T20:27:27","date_gmt":"2026-06-24T20:27:27","guid":{"rendered":"https:\/\/www.europesays.com\/se\/286511\/"},"modified":"2026-06-24T20:27:27","modified_gmt":"2026-06-24T20:27:27","slug":"en-dod-efter-sokinsats-utanfor-askersund","status":"publish","type":"post","link":"https:\/\/www.europesays.com\/se\/286511\/","title":{"rendered":"En d\u00f6d efter s\u00f6kinsats utanf\u00f6r Askersund"},"content":{"rendered":"<p>Uppdaterad 24 jun 2026 kl 17.06Publicerad 24 jun 2026 kl 13.59<\/p>\n<p>En man har omkommit efter r\u00e4ddningsinsatsen i Askersund.\u00a0<\/p>\n<p>Polisen utreder h\u00e4ndelsen som mord \u2013 och en kvinna har gripits.<\/p>\n<p>Nyheter, reportage och analyser i Sverige och i \u00f6vriga v\u00e4rlden.<img   alt=\"\"\/><\/p>\n<p>En person har d\u00f6tt efter r\u00e4ddningsinsatsen i Askersunds sk\u00e4rg\u00e5rd.<\/p>\n<p>Foto: Stefan Ignell \/ NA<\/p>\n<p>\u00d6ppna bild i helsk\u00e4rm<\/p>\n<p>Polisen larmades om att en man och en kvinna saknades efter en b\u00e5ttur i <a href=\"https:\/\/www.expressen.se\/tagg\/location\/askersund\/\" class=\"\" rel=\"nofollow noopener\" target=\"_blank\">Askersund<\/a>. B\u00e5ten skulle ha lagt till i Askersunds sm\u00e5b\u00e5tshamn i natt, och polisen larmades av anh\u00f6riga p\u00e5 onsdagsmorgonen.<\/p>\n<p>\u2013 Det handlar om tv\u00e5 personer som var p\u00e5 v\u00e4g hem till sin b\u00e5tplats. Sen har de inte kommit tillbaka. Deras mobiltelefoner \u00e4r avst\u00e4ngda, sade Mathias Hansson r\u00e4ddningsledare p\u00e5 Sj\u00f6- och flygr\u00e4ddningscentralen, p\u00e5 onsdagsmorgonen.<\/p>\n<p>Personerna \u00e4r i medel\u00e5ldern. Efter en stor s\u00f6kinsats med polis, ambulans och Sj\u00f6- och flygr\u00e4ddningscentralen hittades b\u00e5ten vid Skogsholmarna i V\u00e4ttern strax f\u00f6re nio p\u00e5 morgonen. D\u00e5 var mannen skadad.<\/p>\n<p>\u2013 B\u00e5da personerna \u00e4r p\u00e5 b\u00e5ten, men mannen \u00e4r okontaktbar. Det har inletts livr\u00e4ddande insatser och han kommer f\u00f6ras till sjukhus, s\u00e4ger flygr\u00e4ddningsledare, Lars Antonsson.<\/p>\n<p>Mannen ska ha vinschats upp i en helikopter och sedan f\u00f6rts till universitetssjukhuset i \u00d6rebro.<\/p>\n<p>Vid 13:50 kom uppdateringen om att en person avlidit. Anh\u00f6riga \u00e4r underr\u00e4ttade. Polisen inledde en f\u00f6runders\u00f6kning om grovt brott. Nu har rubriceringen \u00e4ndrats \u2013 och h\u00e4ndelsen utreds som misst\u00e4nkt mord.<\/p>\n<p>En gripen<\/p>\n<p>En kvinna har gripits och kommer h\u00f6ras kring h\u00e4ndelsen. Polisens tekniker jobbar i b\u00e5ten, visar bilder hos<a href=\"https:\/\/www.svt.se\/nyheter\/lokalt\/orebro\/bat-saknas-pa-vattern-sokinsats-med-helikopter\" rel=\"nofollow noopener\" target=\"_blank\"> SVT.<\/a><\/p>\n<p>\u2013 Det jag kan s\u00e4ga \u00e4r att vi arbetar intensivt f\u00f6r att f\u00e5 en tydligare bild av vad som intr\u00e4ffat, uppger Sara Fritz, presstalesperson i polisregion Bergslagen.<\/p>\n<p>\u2013 Vi genomf\u00f6r flera utrednings\u00e5tg\u00e4rder. Men det finns oklara omst\u00e4ndigheter som g\u00f6r att vi beh\u00f6ver utreda den h\u00e4r h\u00e4ndelsen som ett misst\u00e4nkt grovt brott, sade Sara Fritz vid lunchtid, innan rubriceringen \u00e4ndrades till misst\u00e4nkt mord.<\/p>\n<p>F\u00f6runders\u00f6kningen leds nu av \u00e5klagare.<\/p>\n","protected":false},"excerpt":{"rendered":"Uppdaterad 24 jun 2026 kl 17.06Publicerad 24 jun 2026 kl 13.59 En man har omkommit efter r\u00e4ddningsinsatsen i&hellip;\n","protected":false},"author":2,"featured_media":286512,"comment_status":"","ping_status":"","sticky":false,"template":"","format":"standard","meta":{"footnotes":"","_share_on_mastodon":"0"},"categories":[5],"tags":[22,23,26,27,17,21,24,25,26021,28,29,15,16,18,34,154,31,33,32,30,19,427,20],"class_list":["post-286511","post","type-post","status-publish","format-standard","has-post-thumbnail","category-rubriker","tag-breaking-news","tag-breakingnews","tag-featured-news","tag-featurednews","tag-headlines","tag-huvudnyheter","tag-latest-news","tag-latestnews","tag-location-askersund","tag-main-news","tag-mainnews","tag-news","tag-nyheter","tag-rubriker","tag-se","tag-sections-sverige","tag-svenska","tag-sverige","tag-sweden","tag-swedish","tag-top-stories","tag-topic-dodsfall","tag-topstories"],"share_on_mastodon":{"url":"https:\/\/pubeurope.com\/@se\/116806971949834437","error":""},"_links":{"self":[{"href":"https:\/\/www.europesays.com\/se\/wp-json\/wp\/v2\/posts\/286511","targetHints":{"allow":["GET"]}}],"collection":[{"href":"https:\/\/www.europesays.com\/se\/wp-json\/wp\/v2\/posts"}],"about":[{"href":"https:\/\/www.europesays.com\/se\/wp-json\/wp\/v2\/types\/post"}],"author":[{"embeddable":true,"href":"https:\/\/www.europesays.com\/se\/wp-json\/wp\/v2\/users\/2"}],"replies":[{"embeddable":true,"href":"https:\/\/www.europesays.com\/se\/wp-json\/wp\/v2\/comments?post=286511"}],"version-history":[{"count":0,"href":"https:\/\/www.europesays.com\/se\/wp-json\/wp\/v2\/posts\/286511\/revisions"}],"wp:featuredmedia":[{"embeddable":true,"href":"https:\/\/www.europesays.com\/se\/wp-json\/wp\/v2\/media\/286512"}],"wp:attachment":[{"href":"https:\/\/www.europesays.com\/se\/wp-json\/wp\/v2\/media?parent=286511"}],"wp:term":[{"taxonomy":"category","embeddable":true,"href":"https:\/\/www.europesays.com\/se\/wp-json\/wp\/v2\/categories?post=286511"},{"taxonomy":"post_tag","embeddable":true,"href":"https:\/\/www.europesays.com\/se\/wp-json\/wp\/v2\/tags?post=286511"}],"curies":[{"name":"wp","href":"https:\/\/api.w.org\/{rel}","templated":true}]}}