{"id":28724,"date":"2025-09-13T02:38:10","date_gmt":"2025-09-13T02:38:10","guid":{"rendered":"https:\/\/www.europesays.com\/se\/28724\/"},"modified":"2025-09-13T02:38:10","modified_gmt":"2025-09-13T02:38:10","slug":"rogle-varvar-nhl-veteran-dagen-fore-premiaren-shl","status":"publish","type":"post","link":"https:\/\/www.europesays.com\/se\/28724\/","title":{"rendered":"R\u00f6gle v\u00e4rvar NHL-veteran \u2013 dagen f\u00f6re premi\u00e4ren | SHL"},"content":{"rendered":"<p>Publicerad 12 sep 2025 kl 13.13Uppdaterad kl 14.04<\/p>\n<p>Dagen f\u00f6re SHL-premi\u00e4ren presenterar R\u00f6gle en meriterad v\u00e4rvning.<\/p>\n<p>Backen Calvin De Haan, 34, har skrivit p\u00e5 ett ett\u00e5rskontrakt.<\/p>\n<p>Enligt Expressens uppgifter fanns \u00e4ven intresse fr\u00e5n Bryn\u00e4s, men han nobbades till slut av den klubben.<\/p>\n<p><img   alt=\"\"\/><\/p>\n<p>Calvin de Haan.<\/p>\n<p>Foto: Frank Franklin II \/ TT NYHETSBYR\u00c5N<\/p>\n<p>\u00d6ppna bild i helsk\u00e4rm<\/p>\n<p>Calvin de Haan har \u00f6ver 700 NHL-matcher p\u00e5 meritlistan och har tillh\u00f6rt lag som New York Islanders, Rangers och Chicago Blackhawks.<\/p>\n<p>Men hans n\u00e4sta klubbadress \u00e4r svensk och heter R\u00f6gle.<\/p>\n<p>\u00c4ngelholmsklubben har skrivit ett ett\u00e5rskontrakt med kanadensaren.<\/p>\n<p>\u2013 Jag har h\u00f6rt att \u00c4ngelholm \u00e4r en liten stad men att hockeyn \u00e4r det st\u00f6rsta d\u00e4r. Jag har tittat p\u00e5 n\u00e5gra Youtube-videor fr\u00e5n R\u00f6gles hemmamatcher och det \u00e4r uppenbarligen v\u00e4ldigt passionerade fans. Det \u00e4r n\u00e5got jag verkligen ser fram emot, s\u00e4ger han till klubbens hemsida.<\/p>\n<p>Bryn\u00e4s nobbade Calvin de Haan<\/p>\n<p>Expressen har tidigare rapporterat om Bryn\u00e4s intresse f\u00f6r de Haan. Men i det fallet f\u00f6ll det till slut p\u00e5 att man tyckte att backen kostade f\u00f6r mycket, och d\u00e4rf\u00f6r nobbades han till slut av Bryn\u00e4s.<\/p>\n<p>Calvin de Haan ansluter till laget n\u00e4sta vecka. D\u00e4rmed missar han helgens premi\u00e4r, d\u00e4r R\u00f6gle st\u00e4lls mot F\u00e4rjestad.<\/p>\n","protected":false},"excerpt":{"rendered":"Publicerad 12 sep 2025 kl 13.13Uppdaterad kl 14.04 Dagen f\u00f6re SHL-premi\u00e4ren presenterar R\u00f6gle en meriterad v\u00e4rvning. Backen Calvin&hellip;\n","protected":false},"author":2,"featured_media":28725,"comment_status":"","ping_status":"","sticky":false,"template":"","format":"standard","meta":{"footnotes":""},"categories":[68],"tags":[1015,34,255,823,111,110,31,33,32,30],"class_list":{"0":"post-28724","1":"post","2":"type-post","3":"status-publish","4":"format-standard","5":"has-post-thumbnail","7":"category-sport","8":"tag-organization-rogle-bk","9":"tag-se","10":"tag-sections-ishockey","11":"tag-sections-shl","12":"tag-sport","13":"tag-sports","14":"tag-svenska","15":"tag-sverige","16":"tag-sweden","17":"tag-swedish"},"share_on_mastodon":{"url":"","error":""},"_links":{"self":[{"href":"https:\/\/www.europesays.com\/se\/wp-json\/wp\/v2\/posts\/28724","targetHints":{"allow":["GET"]}}],"collection":[{"href":"https:\/\/www.europesays.com\/se\/wp-json\/wp\/v2\/posts"}],"about":[{"href":"https:\/\/www.europesays.com\/se\/wp-json\/wp\/v2\/types\/post"}],"author":[{"embeddable":true,"href":"https:\/\/www.europesays.com\/se\/wp-json\/wp\/v2\/users\/2"}],"replies":[{"embeddable":true,"href":"https:\/\/www.europesays.com\/se\/wp-json\/wp\/v2\/comments?post=28724"}],"version-history":[{"count":0,"href":"https:\/\/www.europesays.com\/se\/wp-json\/wp\/v2\/posts\/28724\/revisions"}],"wp:featuredmedia":[{"embeddable":true,"href":"https:\/\/www.europesays.com\/se\/wp-json\/wp\/v2\/media\/28725"}],"wp:attachment":[{"href":"https:\/\/www.europesays.com\/se\/wp-json\/wp\/v2\/media?parent=28724"}],"wp:term":[{"taxonomy":"category","embeddable":true,"href":"https:\/\/www.europesays.com\/se\/wp-json\/wp\/v2\/categories?post=28724"},{"taxonomy":"post_tag","embeddable":true,"href":"https:\/\/www.europesays.com\/se\/wp-json\/wp\/v2\/tags?post=28724"}],"curies":[{"name":"wp","href":"https:\/\/api.w.org\/{rel}","templated":true}]}}