{"id":287399,"date":"2026-06-25T15:31:20","date_gmt":"2026-06-25T15:31:20","guid":{"rendered":"https:\/\/www.europesays.com\/se\/287399\/"},"modified":"2026-06-25T15:31:20","modified_gmt":"2026-06-25T15:31:20","slug":"taylor-swift-nobbar-blake-lively-pa-sitt-brollop","status":"publish","type":"post","link":"https:\/\/www.europesays.com\/se\/287399\/","title":{"rendered":"Taylor Swift nobbar Blake Lively p\u00e5 sitt br\u00f6llop"},"content":{"rendered":"<p>Publicerad 25 jun 2026 kl 17.00<\/p>\n<p>Ett br\u00f6llop stundar f\u00f6r Taylor Swift och Travis Kelce.\u00a0<\/p>\n<p>Men Blake Lively ser inte ut att finnas med p\u00e5 g\u00e4stlistan.<\/p>\n<p>\u2013 Det har inte skett n\u00e5gon f\u00f6rsoning n\u00e4r det kommer till deras v\u00e4nskap, uppger en k\u00e4lla f\u00f6r Page Six.\u00a0<\/p>\n<p><img   alt=\"\"\/><\/p>\n<p>Taylor Swift.<\/p>\n<p>Foto: Image Press Agency \/ Alamy Stock Photo \/ STELLA Pictures\/Alamy \/ Alamy Stock Photo \/ https:<\/p>\n<p>\u00d6ppna bild i helsk\u00e4rm<img loading=\"lazy\"   alt=\"\"\/><\/p>\n<p>Blake Lively.<\/p>\n<p>Foto: JAIR \/ BACKGRID US \/ TT \/ Backgrid USA \/ TT NYHETSBYR\u00c5N<\/p>\n<p>\u00d6ppna bild i helsk\u00e4rm<img loading=\"lazy\"   alt=\"\"\/><\/p>\n<p>Taylor Swift och Travis Kelce.<\/p>\n<p>Foto: MediaPunch \/ action press \/ MediaPunch<\/p>\n<p>\u00d6ppna bild i helsk\u00e4rm<\/p>\n<p><a href=\"https:\/\/www.expressen.se\/tagg\/person\/taylor-swift\/\" class=\"\" rel=\"nofollow noopener\" target=\"_blank\">Taylor Swift<\/a>, 36, och Travis Kelce, 36, ska snart gifta sig.\u00a0<\/p>\n<p>Men n\u00e5gon som inte verkar vara bjuden p\u00e5 br\u00f6llopet \u00e4r Swifts n\u00e4ra v\u00e4n Blake Lively, 38.\u00a0<\/p>\n<p>En k\u00e4lla uppger f\u00f6r <a href=\"https:\/\/pagesix.com\/2026\/06\/22\/celebrity-news\/where-taylor-swift-and-blake-lively-really-stand-ahead-of-travis-kelce-wedding\/\" rel=\"nofollow noopener\" target=\"_blank\">Page Six<\/a> att popstj\u00e4rnan inte har bjudit in sk\u00e5despelerskan till sitt br\u00f6llop \u2013 trots rapporter om att de tv\u00e5 ska vara p\u00e5 v\u00e4g att hitta tillbaka till varandra.\u00a0<\/p>\n<p>\u2013 Det har inte skett n\u00e5gon f\u00f6rsoning n\u00e4r det kommer till deras v\u00e4nskap. Och Taylor har inte skickat n\u00e5gon br\u00f6llopsinbjudan till Blake, s\u00e4ger k\u00e4llan.\u00a0<\/p>\n<p>Detta kommer efter tidigare rapporter om att Swift och Lively \u00e5terupptagit kontakten. Enligt tidningen h\u00e4vdade k\u00e4llor att Swift blivit mer mottaglig f\u00f6r att prata med Lively i takt med att r\u00e4ttsprocessen mellan sk\u00e5despelerskan och hennes \u201dIt Ends With Us\u201d-motspelare Justin Baldoni <a href=\"https:\/\/www.expressen.se\/noje\/film\/lively-och-baldoni-har-natt-en-uppgorelse\/\" rel=\"nofollow noopener\" target=\"_blank\">gick mot sitt slut.\u00a0<\/a><\/p>\n<p>Men Page Six uppger allts\u00e5 nu att relationen fortfarande \u00e4r anstr\u00e4ngd flera m\u00e5nader efter att Swift drogs in i den r\u00e4ttsliga tvisten.\u00a0<\/p>\n<p>\u201dS\u00e5rad av hela situationen\u201d\u00a0<\/p>\n<p>En k\u00e4lla har tidigare ber\u00e4ttat f\u00f6r Page Six att Swift beh\u00f6ver avst\u00e5nd fr\u00e5n Lively efter att hennes namn drogs in i r\u00e4ttsprocesserna.\u00a0<\/p>\n<p>\u2013 Taylor tar en paus fr\u00e5n v\u00e4nskapen just nu. Hon \u00e4r verkligen s\u00e5rad av hela situationen och k\u00e4nner sig som en bricka i ett spel, sade k\u00e4llan d\u00e5 och tillade att Swift inte ville ha n\u00e5gonting med det att g\u00f6ra.\u00a0<\/p>\n<p>Taylor Swift och Blake Livelys v\u00e4nskap g\u00e5r tillbaka till 2015 och \u00e4r en av Hollywoods mest uppm\u00e4rksammade k\u00e4ndisrelationer. Swift umgicks ofta med Lively och hennes make Ryan Reynolds.<\/p>\n<p>Det var i augusti f\u00f6rra \u00e5ret som Taylor Swift och Travis Kelce <a href=\"https:\/\/www.expressen.se\/noje\/taylor-swift-ska-gifta-sig-med-travis-kelce\/\" rel=\"nofollow noopener\" target=\"_blank\">f\u00f6rlovade sig. <\/a>Enligt uppgifter till <a href=\"https:\/\/www.tmz.com\/2026\/06\/12\/taylor-swift-travis-kelce-wedding-non-disclosure-agreement\/#continued\" rel=\"nofollow noopener\" target=\"_blank\">TMZ <\/a>kommer br\u00f6llopet att ske i juli p\u00e5 Madison Square Garden i New York, dit \u00f6ver 1000 g\u00e4ster ska vara bjudna.\u00a0<\/p>\n<p><img loading=\"lazy\"   alt=\"\"\/><\/p>\n<p>Ryan Reynolds och Blake Lively.<\/p>\n<p>Foto: MEGA\/IBL<\/p>\n<p>\u00d6ppna bild i helsk\u00e4rm<\/p>\n","protected":false},"excerpt":{"rendered":"Publicerad 25 jun 2026 kl 17.00 Ett br\u00f6llop stundar f\u00f6r Taylor Swift och Travis Kelce.\u00a0 Men Blake Lively&hellip;\n","protected":false},"author":2,"featured_media":287400,"comment_status":"","ping_status":"","sticky":false,"template":"","format":"standard","meta":{"footnotes":"","_share_on_mastodon":"0"},"categories":[67],"tags":[104,2366,776,34,31,33,32,30,401,105],"class_list":["post-287399","post","type-post","status-publish","format-standard","has-post-thumbnail","category-underhallning","tag-entertainment","tag-person-blake-lively","tag-person-taylor-swift","tag-se","tag-svenska","tag-sverige","tag-sweden","tag-swedish","tag-topic-brollop","tag-underhallning"],"share_on_mastodon":{"url":"https:\/\/pubeurope.com\/@se\/116811470339856555","error":""},"_links":{"self":[{"href":"https:\/\/www.europesays.com\/se\/wp-json\/wp\/v2\/posts\/287399","targetHints":{"allow":["GET"]}}],"collection":[{"href":"https:\/\/www.europesays.com\/se\/wp-json\/wp\/v2\/posts"}],"about":[{"href":"https:\/\/www.europesays.com\/se\/wp-json\/wp\/v2\/types\/post"}],"author":[{"embeddable":true,"href":"https:\/\/www.europesays.com\/se\/wp-json\/wp\/v2\/users\/2"}],"replies":[{"embeddable":true,"href":"https:\/\/www.europesays.com\/se\/wp-json\/wp\/v2\/comments?post=287399"}],"version-history":[{"count":0,"href":"https:\/\/www.europesays.com\/se\/wp-json\/wp\/v2\/posts\/287399\/revisions"}],"wp:featuredmedia":[{"embeddable":true,"href":"https:\/\/www.europesays.com\/se\/wp-json\/wp\/v2\/media\/287400"}],"wp:attachment":[{"href":"https:\/\/www.europesays.com\/se\/wp-json\/wp\/v2\/media?parent=287399"}],"wp:term":[{"taxonomy":"category","embeddable":true,"href":"https:\/\/www.europesays.com\/se\/wp-json\/wp\/v2\/categories?post=287399"},{"taxonomy":"post_tag","embeddable":true,"href":"https:\/\/www.europesays.com\/se\/wp-json\/wp\/v2\/tags?post=287399"}],"curies":[{"name":"wp","href":"https:\/\/api.w.org\/{rel}","templated":true}]}}