{"id":287506,"date":"2026-06-25T18:27:13","date_gmt":"2026-06-25T18:27:13","guid":{"rendered":"https:\/\/www.europesays.com\/se\/287506\/"},"modified":"2026-06-25T18:27:13","modified_gmt":"2026-06-25T18:27:13","slug":"dubbelmiss-for-hm-placera-se","status":"publish","type":"post","link":"https:\/\/www.europesays.com\/se\/287506\/","title":{"rendered":"Dubbelmiss f\u00f6r H&#038;M | Placera.se"},"content":{"rendered":"<p>Har p\u00e5verkat efterfr\u00e5gan<\/p>\n<p class=\"font-sans text-base text-text-main dark:text-text-main-dark font-normal leading-[1.4]\">\u00c4ven f\u00f6rs\u00e4ljningen bommade f\u00f6rv\u00e4ntningarna. Under kvartalet uppgick den till 54 828 Mkr j\u00e4mf\u00f6rt med v\u00e4ntade 55 275 Mkr.<\/p>\n<p class=\"font-sans text-base text-text-main dark:text-text-main-dark font-normal leading-[1.4]\">Den organiska tillv\u00e4xten, f\u00f6rs\u00e4ljningsf\u00f6r\u00e4ndringen i lokala valuto, blev +\/-0 procent i kvartalet. H\u00e4r hade analytikerna r\u00e4knat med en minskning p\u00e5 0,3%.<\/p>\n<p class=\"font-sans text-base text-text-main dark:text-text-main-dark font-normal leading-[1.4]\">&#8221;L\u00f6nsamhetsf\u00f6rb\u00e4ttringen och den \u00f6kade lagerproduktiviteten \u00e4r i linje med v\u00e5rt l\u00e5ngsiktiga arbete f\u00f6r att l\u00e4gga grunden f\u00f6r h\u00e5llbar och l\u00f6nsam tillv\u00e4xt&#8221;, forts\u00e4tter Daniel Erv\u00e9r, men till\u00e4gger:<\/p>\n<p class=\"font-sans text-base text-text-main dark:text-text-main-dark font-normal leading-[1.4]\">&#8221;Den stramare lagerstyrningen har dock i vissa fall p\u00e5verkat v\u00e5r f\u00f6rm\u00e5ga att fullt ut m\u00f6ta efterfr\u00e5gan. V\u00e5r bed\u00f6mning \u00e4r att det finns potential att ytterligare \u00f6ka precisionen f\u00f6r att skapa en b\u00e4ttre balans mellan tillg\u00e4nglighet och efterfr\u00e5gan.&#8221;<\/p>\n<p class=\"font-sans text-base text-text-main dark:text-text-main-dark font-normal leading-[1.4]\">Bruttomarginalen kom in p\u00e5 56,6%, vilket var ungef\u00e4r i linje med f\u00f6rv\u00e4ntade 56,5%.<\/p>\n","protected":false},"excerpt":{"rendered":"Har p\u00e5verkat efterfr\u00e5gan \u00c4ven f\u00f6rs\u00e4ljningen bommade f\u00f6rv\u00e4ntningarna. Under kvartalet uppgick den till 54 828 Mkr j\u00e4mf\u00f6rt med v\u00e4ntade&hellip;\n","protected":false},"author":2,"featured_media":287507,"comment_status":"","ping_status":"","sticky":false,"template":"","format":"standard","meta":{"footnotes":"","_share_on_mastodon":"0"},"categories":[12],"tags":[22,23,26,27,6430,17,21,24,25,28,29,15,16,3423,3218,18636,18,34,31,33,32,30,19,20],"class_list":["post-287506","post","type-post","status-publish","format-standard","has-post-thumbnail","category-sverige","tag-breaking-news","tag-breakingnews","tag-featured-news","tag-featurednews","tag-hm","tag-headlines","tag-huvudnyheter","tag-latest-news","tag-latestnews","tag-main-news","tag-mainnews","tag-news","tag-nyheter","tag-rapport","tag-rapporter","tag-rapportperioden","tag-rubriker","tag-se","tag-svenska","tag-sverige","tag-sweden","tag-swedish","tag-top-stories","tag-topstories"],"share_on_mastodon":{"url":"https:\/\/pubeurope.com\/@se\/116812162631515176","error":""},"_links":{"self":[{"href":"https:\/\/www.europesays.com\/se\/wp-json\/wp\/v2\/posts\/287506","targetHints":{"allow":["GET"]}}],"collection":[{"href":"https:\/\/www.europesays.com\/se\/wp-json\/wp\/v2\/posts"}],"about":[{"href":"https:\/\/www.europesays.com\/se\/wp-json\/wp\/v2\/types\/post"}],"author":[{"embeddable":true,"href":"https:\/\/www.europesays.com\/se\/wp-json\/wp\/v2\/users\/2"}],"replies":[{"embeddable":true,"href":"https:\/\/www.europesays.com\/se\/wp-json\/wp\/v2\/comments?post=287506"}],"version-history":[{"count":0,"href":"https:\/\/www.europesays.com\/se\/wp-json\/wp\/v2\/posts\/287506\/revisions"}],"wp:featuredmedia":[{"embeddable":true,"href":"https:\/\/www.europesays.com\/se\/wp-json\/wp\/v2\/media\/287507"}],"wp:attachment":[{"href":"https:\/\/www.europesays.com\/se\/wp-json\/wp\/v2\/media?parent=287506"}],"wp:term":[{"taxonomy":"category","embeddable":true,"href":"https:\/\/www.europesays.com\/se\/wp-json\/wp\/v2\/categories?post=287506"},{"taxonomy":"post_tag","embeddable":true,"href":"https:\/\/www.europesays.com\/se\/wp-json\/wp\/v2\/tags?post=287506"}],"curies":[{"name":"wp","href":"https:\/\/api.w.org\/{rel}","templated":true}]}}