{"id":288139,"date":"2026-06-26T10:25:23","date_gmt":"2026-06-26T10:25:23","guid":{"rendered":"https:\/\/www.europesays.com\/se\/288139\/"},"modified":"2026-06-26T10:25:23","modified_gmt":"2026-06-26T10:25:23","slug":"influencerns-dotter-dod-drunknade-i-poolen","status":"publish","type":"post","link":"https:\/\/www.europesays.com\/se\/288139\/","title":{"rendered":"Influencerns dotter d\u00f6d \u2013 drunknade i poolen"},"content":{"rendered":"<p>Uppdaterad 26 jun 2026 kl 11.33Publicerad 26 jun 2026 kl 11.25<\/p>\n<p>Jamal Morton \u00e4r i stor sorg.\u00a0<\/p>\n<p>P\u00e5 Facebook ber\u00e4ttar influencern att han f\u00f6rlorat sin tv\u00e5\u00e5riga dotter.\u00a0<\/p>\n<p><img   alt=\"\"\/><\/p>\n<p>Morton riktar ilska mot rykten i sociala medier.<\/p>\n<p>Foto: Instagram<\/p>\n<p>\u00d6ppna bild i helsk\u00e4rm<\/p>\n<p>Influencern Jamal Morton, 33, med 2,6 miljoner f\u00f6ljare p\u00e5 Instagram, g\u00e5r igenom en tragedi.\u00a0<\/p>\n<p>Hans tv\u00e5\u00e5riga dotter har d\u00f6tt.<\/p>\n<p>\u201dHon trodde att hon var en stor tjej och att hon kunde simma helt ensam. Hon gick ut ur huset och ner i poolen d\u00e4r hon drunknade, skriver Morton p\u00e5 <a href=\"https:\/\/www.expressen.se\/tagg\/organization\/facebook\/\" class=\"\" rel=\"nofollow noopener\" target=\"_blank\">Facebook<\/a> och forts\u00e4tter:\u00a0<\/p>\n<p>\u201dDet g\u00f6r s\u00e5 ont att f\u00f6rlora ett barn att jag aldrig skulle \u00f6nska min v\u00e4rsta fiende det\u201d.\u00a0<\/p>\n<p>Efter dotterns d\u00f6d har flera rykten cirkulerat som f\u00e5r Morton att se r\u00f6tt.\u00a0<\/p>\n<p>\u201dDumma bitchar pratar skit, jag var inte ens hemma n\u00e4r mitt barn dog s\u00e5 sluta prata skit om vad som h\u00e4nde. Fokusera p\u00e5 era egna sjuka liv och l\u00e5t min familj s\u00f6rja i fred\u201d, skriver han p\u00e5 Instagram.\u00a0<\/p>\n","protected":false},"excerpt":{"rendered":"Uppdaterad 26 jun 2026 kl 11.33Publicerad 26 jun 2026 kl 11.25 Jamal Morton \u00e4r i stor sorg.\u00a0 P\u00e5&hellip;\n","protected":false},"author":2,"featured_media":288140,"comment_status":"","ping_status":"","sticky":false,"template":"","format":"standard","meta":{"footnotes":"","_share_on_mastodon":"0"},"categories":[12],"tags":[22,23,26,27,440,17,21,24,25,28,29,15,16,760,18,34,31,33,32,30,19,427,20],"class_list":["post-288139","post","type-post","status-publish","format-standard","has-post-thumbnail","category-sverige","tag-breaking-news","tag-breakingnews","tag-featured-news","tag-featurednews","tag-function-unga","tag-headlines","tag-huvudnyheter","tag-latest-news","tag-latestnews","tag-main-news","tag-mainnews","tag-news","tag-nyheter","tag-organization-facebook","tag-rubriker","tag-se","tag-svenska","tag-sverige","tag-sweden","tag-swedish","tag-top-stories","tag-topic-dodsfall","tag-topstories"],"share_on_mastodon":{"url":"https:\/\/pubeurope.com\/@se\/116815929450246201","error":""},"_links":{"self":[{"href":"https:\/\/www.europesays.com\/se\/wp-json\/wp\/v2\/posts\/288139","targetHints":{"allow":["GET"]}}],"collection":[{"href":"https:\/\/www.europesays.com\/se\/wp-json\/wp\/v2\/posts"}],"about":[{"href":"https:\/\/www.europesays.com\/se\/wp-json\/wp\/v2\/types\/post"}],"author":[{"embeddable":true,"href":"https:\/\/www.europesays.com\/se\/wp-json\/wp\/v2\/users\/2"}],"replies":[{"embeddable":true,"href":"https:\/\/www.europesays.com\/se\/wp-json\/wp\/v2\/comments?post=288139"}],"version-history":[{"count":0,"href":"https:\/\/www.europesays.com\/se\/wp-json\/wp\/v2\/posts\/288139\/revisions"}],"wp:featuredmedia":[{"embeddable":true,"href":"https:\/\/www.europesays.com\/se\/wp-json\/wp\/v2\/media\/288140"}],"wp:attachment":[{"href":"https:\/\/www.europesays.com\/se\/wp-json\/wp\/v2\/media?parent=288139"}],"wp:term":[{"taxonomy":"category","embeddable":true,"href":"https:\/\/www.europesays.com\/se\/wp-json\/wp\/v2\/categories?post=288139"},{"taxonomy":"post_tag","embeddable":true,"href":"https:\/\/www.europesays.com\/se\/wp-json\/wp\/v2\/tags?post=288139"}],"curies":[{"name":"wp","href":"https:\/\/api.w.org\/{rel}","templated":true}]}}