{"id":288254,"date":"2026-06-26T12:02:12","date_gmt":"2026-06-26T12:02:12","guid":{"rendered":"https:\/\/www.europesays.com\/se\/288254\/"},"modified":"2026-06-26T12:02:12","modified_gmt":"2026-06-26T12:02:12","slug":"trio-far-dom-efter-mord-pa-gangman","status":"publish","type":"post","link":"https:\/\/www.europesays.com\/se\/288254\/","title":{"rendered":"Trio f\u00e5r dom efter mord p\u00e5 g\u00e4ngman"},"content":{"rendered":"<p>Uppdaterad 26 jun 2026 kl 12.42Publicerad 26 jun 2026 kl 10.59<\/p>\n<p>Abdou Njie, 25, v\u00e4ntade i flera timmar p\u00e5 mordoffret vid ett garage i Brandbergen.<\/p>\n<p>N\u00e4r m\u00e5ltavlan, en 27-\u00e5rig man, d\u00f6k upp med tv\u00e5 v\u00e4nner kom Abdou Njie bakom dem och sk\u00f6t. M\u00e5ltavlan sprang men lyckades inte fly kulregnet.\u00a0<\/p>\n<p>Nu d\u00f6ms 25-\u00e5ringen till livstids f\u00e4ngelse.\u00a0<\/p>\n<p><img   alt=\"\"\/><\/p>\n<p>Ett vittne filmade delar av f\u00f6rloppet kring skjutningen. P\u00e5 filmen ser man en man springa fr\u00e5n platsen.<\/p>\n<p>Foto: Polisen<\/p>\n<p>\u00d6ppna bild i helsk\u00e4rm<img loading=\"lazy\"   alt=\"\"\/><\/p>\n<p>Abdou Njie d\u00f6ms till livstids f\u00e4ngelse.<\/p>\n<p>Foto: Polisen<\/p>\n<p>\u00d6ppna bild i helsk\u00e4rm<img loading=\"lazy\"   alt=\"\"\/><\/p>\n<p>Polisen p\u00e5 plats efter mordet.<\/p>\n<p>Foto: Henrik Montgomery\/TT \/ TT NYHETSBYR\u00c5N<\/p>\n<p>\u00d6ppna bild i helsk\u00e4rm<img loading=\"lazy\"   alt=\"\"\/><\/p>\n<p>Bild ur f\u00f6runders\u00f6kningen.<\/p>\n<p>Foto: Polisen<\/p>\n<p>\u00d6ppna bild i helsk\u00e4rm<img loading=\"lazy\"   alt=\"\"\/><\/p>\n<p>Platsen d\u00e4r skjutningen skedde.<\/p>\n<p>Foto: Polisen<\/p>\n<p>\u00d6ppna bild i helsk\u00e4rm<img loading=\"lazy\"   alt=\"\"\/><\/p>\n<p>Bild som ing\u00e5r i f\u00f6runders\u00f6kningen.<\/p>\n<p>Foto: Polisen<\/p>\n<p>\u00d6ppna bild i helsk\u00e4rm<img loading=\"lazy\"   alt=\"\"\/><\/p>\n<p>Abdou Njie i samband med att han checkar in p\u00e5 hotell dagarna innan mordet.<\/p>\n<p>Foto: Polisen<\/p>\n<p>\u00d6ppna bild i helsk\u00e4rm<\/p>\n<p>Det var den 25 augusti 2022 som 27-\u00e5ringen m\u00f6rdades i Haninge. Planeringen b\u00f6rjade flera dagar innan. Efter att ha \u00e5terv\u00e4nt fr\u00e5n en resa i Spanien i b\u00f6rjan av augusti 2022 accepterade Abdou Njie uppdraget att m\u00f6rda den 27-\u00e5rige g\u00e4ngmannen.\u00a0<\/p>\n<p>Njie kommunicerade via ett konto p\u00e5 appen Signal kallat \u201dDin kompis\u201d, d\u00e4r han bland annat tog emot en m\u00e5ltavlebild p\u00e5 offret och diskuterade vilken storlek han hade p\u00e5 handskar. F\u00f6r att f\u00f6rbereda sig inf\u00f6r d\u00e5det g\u00f6mde han sig fr\u00e5n den 21 augusti i en s\u00e5 kallad \u201dtryckarl\u00e4genhet\u201d (en l\u00e5nad l\u00e4genhet) i Brandbergen. D\u00e4r f\u00f6rs\u00e5g han sig med kl\u00e4der, keps, munskydd och handskar.\u00a0<\/p>\n<p>V\u00e4ntade p\u00e5 sitt offer<\/p>\n<p>P\u00e5 morddagen placerade sig Abdou Njie utanf\u00f6r ett garage i Brandbergen f\u00f6r att v\u00e4nta p\u00e5 offret. Eftersom offret hade varit inblandad i en trafikolycka tidigare under dagen dr\u00f6jde det, och Abdou tvingades v\u00e4nta p\u00e5 platsen i \u00f6ver fem timmar. N\u00e4r mordoffret slutligen anl\u00e4nde i s\u00e4llskap med tv\u00e5 v\u00e4nner gick Abdou Njie fram till dem bakifr\u00e5n. Han f\u00f6rs\u00f6kte f\u00f6rst avlossa tv\u00e5 skott, men pistolen klickade.<\/p>\n<p>\u201dEn avr\u00e4ttning\u201d<\/p>\n<p>N\u00e4r m\u00e5ltavlan b\u00f6rjade springa fr\u00e5n platsen f\u00f6ljde Abdou Njie efter och avlossade minst tio skott. Offret tr\u00e4ffades fem g\u00e5nger i b\u00e5len, en g\u00e5ng i armen och fyra g\u00e5nger i huvudet. Nu har tingsr\u00e4tten konstaterat att d\u00e5det hade karakt\u00e4ren av en avr\u00e4ttning, eftersom Abdou Njie p\u00e5 mycket n\u00e4ra h\u00e5ll sk\u00f6t offret rakt i huvudet n\u00e4r denne l\u00e5g f\u00f6rsvarsl\u00f6s och d\u00f6ende p\u00e5 marken, f\u00f6r att s\u00e4kerst\u00e4lla att han verkligen dog.<\/p>\n<p>De \u00e5talade:<\/p>\n<p>\u2022 Abdou Njie, 25, har tidigare k\u00e4nda kopplingar till g\u00e4ngmilj\u00f6n. \u00c5talad f\u00f6r mord, f\u00f6rs\u00f6k till mord samt grovt vapenbrott. Den som misst\u00e4nks ha varit skytten.<\/p>\n<p>\u2022 En 36-\u00e5rig man och en 29-\u00e5rig kvinna \u00e5talades f\u00f6r bland annat medhj\u00e4lp till mord. Enligt \u00e5talet hj\u00e4lpte de till att koordinera d\u00e5det.<\/p>\n<p> 25-\u00e5ringen d\u00f6ms, kvinnan f\u00e5r \u00e5tta \u00e5rs f\u00e4ngelse och 36-\u00e5ringen frik\u00e4nns, enligt tingsr\u00e4ttens utfall.<\/p>\n<p>Visa merLivstid f\u00f6r 25-\u00e5ring<\/p>\n<p>25-\u00e5ringen d\u00f6mdes p\u00e5 fredagen till livstids f\u00e4ngelse f\u00f6r mordet.\u00a0<\/p>\n<p>\u2013 G\u00e4rningen har f\u00f6reg\u00e5tts av en l\u00e4ngre tids planering och utredningen visar ocks\u00e5 att g\u00e4rningsmannen v\u00e4ntat p\u00e5 att m\u00e5ls\u00e4ganden skulle komma till platsen i flera timmar. Detta tillsammans med brutaliteten i g\u00e4rningen g\u00f6r att annan p\u00e5f\u00f6ljd \u00e4n f\u00e4ngelse p\u00e5 livstid inte kan komma i fr\u00e5ga, s\u00e4ger r\u00e5dmannen Fredrik Nyd\u00e9n som var r\u00e4ttens ordf\u00f6rande i ett uttalande.<\/p>\n<p>Kvinnan f\u00e5r \u00e5tta \u00e5rs f\u00e4ngelse<\/p>\n<p>En 29-\u00e5rig kvinna d\u00f6ms f\u00f6r medhj\u00e4lp till mord och mordf\u00f6rs\u00f6k f\u00f6r att bland annat ha f\u00f6rsett g\u00e4rningsmannen med handskar och munskydd som anv\u00e4ndes vid g\u00e4rningen. P\u00e5f\u00f6ljden f\u00f6r henne har best\u00e4mts till f\u00e4ngelse i \u00e5tta \u00e5r. 36-\u00e5ringen har frik\u00e4nts d\u00e5 tingsr\u00e4tten inte ansett det bevisat att han k\u00e4nt till att ett mord skulle genomf\u00f6ras.<\/p>\n<p>Samtliga har f\u00f6rnekat brott.<\/p>\n","protected":false},"excerpt":{"rendered":"Uppdaterad 26 jun 2026 kl 12.42Publicerad 26 jun 2026 kl 10.59 Abdou Njie, 25, v\u00e4ntade i flera timmar&hellip;\n","protected":false},"author":2,"featured_media":288255,"comment_status":"","ping_status":"","sticky":false,"template":"","format":"standard","meta":{"footnotes":"","_share_on_mastodon":"0"},"categories":[5],"tags":[22,23,26,27,17,21,24,25,28,29,15,16,18,34,666,31,33,32,30,19,136,20],"class_list":["post-288254","post","type-post","status-publish","format-standard","has-post-thumbnail","category-rubriker","tag-breaking-news","tag-breakingnews","tag-featured-news","tag-featurednews","tag-headlines","tag-huvudnyheter","tag-latest-news","tag-latestnews","tag-main-news","tag-mainnews","tag-news","tag-nyheter","tag-rubriker","tag-se","tag-sections-krim","tag-svenska","tag-sverige","tag-sweden","tag-swedish","tag-top-stories","tag-topic-rattegangar-domar","tag-topstories"],"share_on_mastodon":{"url":"","error":""},"_links":{"self":[{"href":"https:\/\/www.europesays.com\/se\/wp-json\/wp\/v2\/posts\/288254","targetHints":{"allow":["GET"]}}],"collection":[{"href":"https:\/\/www.europesays.com\/se\/wp-json\/wp\/v2\/posts"}],"about":[{"href":"https:\/\/www.europesays.com\/se\/wp-json\/wp\/v2\/types\/post"}],"author":[{"embeddable":true,"href":"https:\/\/www.europesays.com\/se\/wp-json\/wp\/v2\/users\/2"}],"replies":[{"embeddable":true,"href":"https:\/\/www.europesays.com\/se\/wp-json\/wp\/v2\/comments?post=288254"}],"version-history":[{"count":0,"href":"https:\/\/www.europesays.com\/se\/wp-json\/wp\/v2\/posts\/288254\/revisions"}],"wp:featuredmedia":[{"embeddable":true,"href":"https:\/\/www.europesays.com\/se\/wp-json\/wp\/v2\/media\/288255"}],"wp:attachment":[{"href":"https:\/\/www.europesays.com\/se\/wp-json\/wp\/v2\/media?parent=288254"}],"wp:term":[{"taxonomy":"category","embeddable":true,"href":"https:\/\/www.europesays.com\/se\/wp-json\/wp\/v2\/categories?post=288254"},{"taxonomy":"post_tag","embeddable":true,"href":"https:\/\/www.europesays.com\/se\/wp-json\/wp\/v2\/tags?post=288254"}],"curies":[{"name":"wp","href":"https:\/\/api.w.org\/{rel}","templated":true}]}}