{"id":288432,"date":"2026-06-26T15:19:25","date_gmt":"2026-06-26T15:19:25","guid":{"rendered":"https:\/\/www.europesays.com\/se\/288432\/"},"modified":"2026-06-26T15:19:25","modified_gmt":"2026-06-26T15:19:25","slug":"norrman-doms-till-livstid-for-dubbelmord-i-lunden-i-goteborg","status":"publish","type":"post","link":"https:\/\/www.europesays.com\/se\/288432\/","title":{"rendered":"Norrman d\u00f6ms till livstid f\u00f6r dubbelmord i Lunden i G\u00f6teborg"},"content":{"rendered":"<p>Uppdaterad 26 jun 2026 kl 14.02Publicerad 26 jun 2026 kl 10.58<\/p>\n<p>Tv\u00e5 m\u00e4n sk\u00f6ts i h\u00f6stas ihj\u00e4l i en bil i G\u00f6teborg.<\/p>\n<p>Norrmannen Vetle Christophersen, 35, d\u00f6ms nu till livstids f\u00e4ngelse f\u00f6r att ha utf\u00f6rt morden, som r\u00e4tten beskriver som \u201drena avr\u00e4ttningar\u201d.\u00a0<\/p>\n<p>Senaste nyhetsklippen fr\u00e5n Expressen.<img   alt=\"\"\/><\/p>\n<p>Vetle Christophersen d\u00f6ms till livstids f\u00e4ngelse f\u00f6r dubbelmord i G\u00f6teborg.<\/p>\n<p>Foto: Polisen<\/p>\n<p>\u00d6ppna bild i helsk\u00e4rm<img loading=\"lazy\"   alt=\"\"\/><\/p>\n<p>Polisen p\u00e5 plats efter dubbelmordet<\/p>\n<p>Foto: Bj\u00f6rn Larsson Rosvall\/TT \/ TT NYHETSBYR\u00c5N<\/p>\n<p>\u00d6ppna bild i helsk\u00e4rm<img loading=\"lazy\"   alt=\"\"\/>\u00d6ppna bild i helsk\u00e4rm<img loading=\"lazy\"   alt=\"\"\/><\/p>\n<p>Vetle Christophersen har erk\u00e4nt att han avlossade skotten mot m\u00e4nnen.<\/p>\n<p>Foto: Polisen<\/p>\n<p>\u00d6ppna bild i helsk\u00e4rm<\/p>\n<p>I b\u00f6rjan av september i fjol hittades tv\u00e5 m\u00e4n i 25-\u00e5rs\u00e5ldern ihj\u00e4lskjutna i en bil i stadsdelen Lunden i <a href=\"https:\/\/www.expressen.se\/tagg\/location\/goteborg\/\" class=\"\" rel=\"nofollow noopener\" target=\"_blank\">G\u00f6teborg<\/a>. Skotten hade avlossats bakifr\u00e5n.<\/p>\n<p>Efter\u00e5t syntes en man f\u00f6rsvinna i v\u00e4g p\u00e5 en elsparkcykel.\u00a0<\/p>\n<p>En dag efter mordet greps 35-\u00e5rige Vetle Christophersen i Oslo, misst\u00e4nkt f\u00f6r grovt hot mot tj\u00e4nsteman och grovt vapenbrott. D\u00e5 hade han bland annat riktat en pistol mot en polisman.<\/p>\n<p>Snart d\u00e4rp\u00e5 b\u00f6rjade polisen misst\u00e4nka att det var samma man som utf\u00f6rt dubbelmordet i G\u00f6teborg. Christophersen h\u00e4ktades i Norge och l\u00e4mnades den 9 oktober ut till Sverige.<\/p>\n<p>Livstids f\u00e4ngelse<\/p>\n<p>P\u00e5 fredagen meddelar G\u00f6teborgs tingsr\u00e4tt sin dom mot Vetle Christophersen. Han d\u00f6ms f\u00f6r tv\u00e5 fall av mord till livstids f\u00e4ngelse och till utvisning. Ut\u00f6ver dubbelmordet d\u00f6ms han \u00e4ven f\u00f6r grovt vapenbrott och f\u00f6r brotten beg\u00e5ngna i Norge.\u00a0<\/p>\n<p>Vetle Christophersen har erk\u00e4nt att han avlossade skotten mot m\u00e4nnen, men h\u00e4vdat att han agerat i n\u00f6dv\u00e4rn och d\u00e4rmed nekat till brott. Han har d\u00e4remot erk\u00e4nt vapen- och hotbrottet.\u00a0<\/p>\n<p>Bland bevisningen finns bland annat flera sms d\u00e4r Vetle Christophersen tycks antyda att han utf\u00f6rt mordet, samt dna-sp\u00e5r och blodst\u00e4nk.\u00a0<\/p>\n<p>Tingsr\u00e4tten skriver i domen att det \u00e4r \u201duppenbart\u201d att 35-\u00e5ringen avlossat de d\u00f6dande skotten med flit, och avf\u00e4rdar Vetle Christophersens f\u00f6rklaring om att det skulle ha varit fr\u00e5ga om sj\u00e4lvf\u00f6rsvar. I sin bed\u00f6mning skriver man att morden \u201dframst\u00e5r som rena avr\u00e4ttningar\u201d, vilket motiverar livstidsstraffet.\u00a0<\/p>\n<p>Dubbelmordet tros, enligt polisens teori, ha koppling till g\u00e4ngkonflikten i Biskopsg\u00e5rden. Man arbetar \u00e4ven efter teorin att d\u00f6dsskjutningen varit en h\u00e4mnd kopplad till mordet p\u00e5 rapparen C.Gambino, som sk\u00f6ts ihj\u00e4l i ett garage p\u00e5 Hisingen 2024.\u00a0<\/p>\n","protected":false},"excerpt":{"rendered":"Uppdaterad 26 jun 2026 kl 14.02Publicerad 26 jun 2026 kl 10.58 Tv\u00e5 m\u00e4n sk\u00f6ts i h\u00f6stas ihj\u00e4l i&hellip;\n","protected":false},"author":2,"featured_media":288433,"comment_status":"","ping_status":"","sticky":false,"template":"","format":"standard","meta":{"footnotes":"","_share_on_mastodon":"0"},"categories":[5],"tags":[22,23,26,27,17,21,24,25,239,254,28,29,15,16,18,34,666,31,33,32,30,19,136,897,436,20],"class_list":["post-288432","post","type-post","status-publish","format-standard","has-post-thumbnail","category-rubriker","tag-breaking-news","tag-breakingnews","tag-featured-news","tag-featurednews","tag-headlines","tag-huvudnyheter","tag-latest-news","tag-latestnews","tag-location-goteborg","tag-location-norge","tag-main-news","tag-mainnews","tag-news","tag-nyheter","tag-rubriker","tag-se","tag-sections-krim","tag-svenska","tag-sverige","tag-sweden","tag-swedish","tag-top-stories","tag-topic-rattegangar-domar","tag-topic-skottlossning","tag-topic-valdsbrott-mord","tag-topstories"],"share_on_mastodon":{"url":"https:\/\/pubeurope.com\/@se\/116817085475310721","error":""},"_links":{"self":[{"href":"https:\/\/www.europesays.com\/se\/wp-json\/wp\/v2\/posts\/288432","targetHints":{"allow":["GET"]}}],"collection":[{"href":"https:\/\/www.europesays.com\/se\/wp-json\/wp\/v2\/posts"}],"about":[{"href":"https:\/\/www.europesays.com\/se\/wp-json\/wp\/v2\/types\/post"}],"author":[{"embeddable":true,"href":"https:\/\/www.europesays.com\/se\/wp-json\/wp\/v2\/users\/2"}],"replies":[{"embeddable":true,"href":"https:\/\/www.europesays.com\/se\/wp-json\/wp\/v2\/comments?post=288432"}],"version-history":[{"count":0,"href":"https:\/\/www.europesays.com\/se\/wp-json\/wp\/v2\/posts\/288432\/revisions"}],"wp:featuredmedia":[{"embeddable":true,"href":"https:\/\/www.europesays.com\/se\/wp-json\/wp\/v2\/media\/288433"}],"wp:attachment":[{"href":"https:\/\/www.europesays.com\/se\/wp-json\/wp\/v2\/media?parent=288432"}],"wp:term":[{"taxonomy":"category","embeddable":true,"href":"https:\/\/www.europesays.com\/se\/wp-json\/wp\/v2\/categories?post=288432"},{"taxonomy":"post_tag","embeddable":true,"href":"https:\/\/www.europesays.com\/se\/wp-json\/wp\/v2\/tags?post=288432"}],"curies":[{"name":"wp","href":"https:\/\/api.w.org\/{rel}","templated":true}]}}