{"id":288483,"date":"2026-06-26T16:26:24","date_gmt":"2026-06-26T16:26:24","guid":{"rendered":"https:\/\/www.europesays.com\/se\/288483\/"},"modified":"2026-06-26T16:26:24","modified_gmt":"2026-06-26T16:26:24","slug":"moderaterna-infor-ett-foraldraavdrag-sankt-skatt-for-foraldrar","status":"publish","type":"post","link":"https:\/\/www.europesays.com\/se\/288483\/","title":{"rendered":"Moderaterna: Inf\u00f6r ett f\u00f6r\u00e4ldraavdrag \u2013 s\u00e4nkt skatt f\u00f6r f\u00f6r\u00e4ldrar"},"content":{"rendered":"<p><a class=\"wing-tag\" href=\"https:\/\/www.expressen.se\/om\/almedalen-2026\/\" rel=\"nofollow noopener\" target=\"_blank\">Almedalen 2026<\/a><\/p>\n<p>Uppdaterad 26 jun 2026 kl 13.32Publicerad 26 jun 2026 kl 12.19<\/p>\n<p>S\u00e4nk skatten f\u00f6r f\u00f6r\u00e4ldrar.\u00a0<\/p>\n<p>Det vill Moderaterna som g\u00e5r till val p\u00e5 ett nytt jobbskatteavdrag f\u00f6r f\u00f6r\u00e4ldrar.<\/p>\n<p><img   alt=\"\"\/><\/p>\n<p>Statsminister Ulf Kristersson (M).<\/p>\n<p>Foto: SVEN LINDWALL<\/p>\n<p>\u00d6ppna bild i helsk\u00e4rm<\/p>\n<p>S\u00e4nkt skatt f\u00f6r f\u00f6r\u00e4ldrar som arbetar skulle underl\u00e4tta f\u00f6r svenska familjer, menar Moderaterna.<\/p>\n<p>\u2013 Sm\u00e5barnsf\u00f6r\u00e4ldrar som pusslar med jobb, h\u00e4mtning, l\u00e4mning, f\u00f6r\u00e4ldram\u00f6ten och l\u00e4xl\u00e4sning ska f\u00e5 beh\u00e5lla mer av sin egen l\u00f6n, s\u00e4ger M-ledaren <a href=\"https:\/\/www.expressen.se\/tagg\/person\/ulf-kristersson\/\" class=\"\" rel=\"nofollow noopener\" target=\"_blank\">Ulf Kristersson<\/a> i sitt tal i Almedalen.<\/p>\n<p>Han kallar f\u00f6rslaget f\u00f6r en \u201dframtidsreform\u201d.<\/p>\n<p>\u2013 En reform som \u00f6kar den lilla friheten i vardagen, som att lite oftare kunna s\u00e4ga ja till barnen. Men som ocks\u00e5 \u00f6kar chansen att f\u00f6rverkliga riktigt stora livsdr\u00f6mmar, s\u00e4ger han.<\/p>\n<p><img loading=\"lazy\"   alt=\"\"\/><\/p>\n<p>Omgiven av M-toppar efter talet.<\/p>\n<p>Foto: SVEN LINDWALL<\/p>\n<p>\u00d6ppna bild i helsk\u00e4rm<img loading=\"lazy\"   alt=\"\"\/><\/p>\n<p>S \u201dgaslightar\u201d svenskarna, enligt Kristersson.<\/p>\n<p>Foto: SVEN LINDWALL<\/p>\n<p>\u00d6ppna bild i helsk\u00e4rmSka utredas<\/p>\n<p>Partiet har sneglat mot Finland som inf\u00f6rt ett system d\u00e4r f\u00f6r\u00e4ldrar f\u00e5r ett jobbskatteavdrag p\u00e5 motsvarande en dryg tusenlapp f\u00f6r varje barn under 18 \u00e5r. Den som \u00e4r ensamst\u00e5ende f\u00e5r en dubbelt s\u00e5 stor skattes\u00e4nkning.<\/p>\n<p>Exakt hur det skulle se ut i Sverige, om f\u00f6rslaget blir verklighet, kommer en utredning att beh\u00f6va titta p\u00e5.<\/p>\n<p>Enligt partiet skulle en skattes\u00e4nkning p\u00e5 500 kronor per m\u00e5nad f\u00f6r en barnfamilj kosta statskassan omkring sex miljarder \u00e5rligen.<\/p>\n<p>Partiet vill finansiera reformen med s\u00e4nkta kostnader f\u00f6r \u201dbyr\u00e5krati\u201d, samt s\u00e4nkta bidrag och bist\u00e5nd.<\/p>\n<p><img loading=\"lazy\"   alt=\"\"\/><\/p>\n<p>Kristersson p\u00e5 scen i Almedalen.<\/p>\n<p>Foto: SVEN LINDWALL<\/p>\n<p>\u00d6ppna bild i helsk\u00e4rmKritiserar Andersson<\/p>\n<p>I talet gick han ocks\u00e5 till angrepp mot S-ledaren Magdalena Andersson.<\/p>\n<p>Ett regeringssamarbete med partier som MP och V skulle enligt honom leda till en h\u00f6gre invandring och inte f\u00e5 igenom n\u00e5gon ny k\u00e4rnkraft.<\/p>\n<p>\u2013 Socialdemokraterna f\u00f6rs\u00f6ker nu gaslighta svenska folket till att tro att Nooshi Dadgostar och Daniel Helld\u00e9n inte alls skulle sitta i en r\u00f6dgr\u00f6n regering. Men alla vet att d\u00f6rrmattornas tid \u00e4r f\u00f6rbi, s\u00e4ger han.<\/p>\n<p><strong>L\u00c4S MER: <\/strong><a href=\"https:\/\/www.expressen.se\/nyheter\/politik\/har-kraschar-ministern-fotbollsfesten-i-visby\/\" class=\"\" rel=\"nofollow noopener\" target=\"_blank\">H\u00e4r kraschar ministern fotbollsfesten i Visby<\/a><strong>L\u00c4S MER: <\/strong><a href=\"https:\/\/www.expressen.se\/nyheter\/politik\/dadgostar-till-svantesson-i-en-annan-galax\/\" class=\"\" rel=\"nofollow noopener\" target=\"_blank\">Dadgostar till Svantesson: \u201dI en annan galax\u201d<\/a><\/p>\n","protected":false},"excerpt":{"rendered":"Almedalen 2026 Uppdaterad 26 jun 2026 kl 13.32Publicerad 26 jun 2026 kl 12.19 S\u00e4nk skatten f\u00f6r f\u00f6r\u00e4ldrar.\u00a0 Det&hellip;\n","protected":false},"author":2,"featured_media":288484,"comment_status":"","ping_status":"","sticky":false,"template":"","format":"standard","meta":{"footnotes":"","_share_on_mastodon":"0"},"categories":[5],"tags":[22,23,26,27,17,21,24,25,28,29,15,25459,16,42,530,18,34,583,31,33,32,30,19,1285,534,20],"class_list":["post-288483","post","type-post","status-publish","format-standard","has-post-thumbnail","category-rubriker","tag-breaking-news","tag-breakingnews","tag-featured-news","tag-featurednews","tag-headlines","tag-huvudnyheter","tag-latest-news","tag-latestnews","tag-main-news","tag-mainnews","tag-news","tag-newsstory-almedalen-2026","tag-nyheter","tag-organization-moderaterna","tag-person-ulf-kristersson","tag-rubriker","tag-se","tag-sections-politik","tag-svenska","tag-sverige","tag-sweden","tag-swedish","tag-top-stories","tag-topic-finanspolitik","tag-topic-foraldraskap","tag-topstories"],"share_on_mastodon":{"url":"https:\/\/pubeurope.com\/@se\/116817348914455682","error":""},"_links":{"self":[{"href":"https:\/\/www.europesays.com\/se\/wp-json\/wp\/v2\/posts\/288483","targetHints":{"allow":["GET"]}}],"collection":[{"href":"https:\/\/www.europesays.com\/se\/wp-json\/wp\/v2\/posts"}],"about":[{"href":"https:\/\/www.europesays.com\/se\/wp-json\/wp\/v2\/types\/post"}],"author":[{"embeddable":true,"href":"https:\/\/www.europesays.com\/se\/wp-json\/wp\/v2\/users\/2"}],"replies":[{"embeddable":true,"href":"https:\/\/www.europesays.com\/se\/wp-json\/wp\/v2\/comments?post=288483"}],"version-history":[{"count":0,"href":"https:\/\/www.europesays.com\/se\/wp-json\/wp\/v2\/posts\/288483\/revisions"}],"wp:featuredmedia":[{"embeddable":true,"href":"https:\/\/www.europesays.com\/se\/wp-json\/wp\/v2\/media\/288484"}],"wp:attachment":[{"href":"https:\/\/www.europesays.com\/se\/wp-json\/wp\/v2\/media?parent=288483"}],"wp:term":[{"taxonomy":"category","embeddable":true,"href":"https:\/\/www.europesays.com\/se\/wp-json\/wp\/v2\/categories?post=288483"},{"taxonomy":"post_tag","embeddable":true,"href":"https:\/\/www.europesays.com\/se\/wp-json\/wp\/v2\/tags?post=288483"}],"curies":[{"name":"wp","href":"https:\/\/api.w.org\/{rel}","templated":true}]}}