{"id":288728,"date":"2026-06-26T22:13:35","date_gmt":"2026-06-26T22:13:35","guid":{"rendered":"https:\/\/www.europesays.com\/se\/288728\/"},"modified":"2026-06-26T22:13:35","modified_gmt":"2026-06-26T22:13:35","slug":"fyra-barn-allvarligt-skadade-i-trafikolycka-i-tollarp","status":"publish","type":"post","link":"https:\/\/www.europesays.com\/se\/288728\/","title":{"rendered":"Fyra barn allvarligt skadade i trafikolycka i Tollarp"},"content":{"rendered":"<p>Uppdaterad 26 jun 2026 kl 22.34Publicerad 26 jun 2026 kl 20.56<\/p>\n<p>En bil och en gr\u00e4vmaskin med sl\u00e4p var inblandade i en olycka i Tollarp p\u00e5 fredagseftermiddagen. \u00a0<\/p>\n<p>Flera personer i bilen kl\u00e4mdes fast.\u00a0<\/p>\n<p>En kvinna \u00e4r livshotande skadad, en man och fyra barn \u00e4r allvarligt skadade, enligt Region Sk\u00e5ne.\u00a0<\/p>\n<p><img   alt=\"\"\/><\/p>\n<p>Sex personer skadades allvarligt vid trafikolyckan i Tollarp.<\/p>\n<p>Foto: Jan Samuelsson \/ Norra Sk\u00e5ne<\/p>\n<p>\u00d6ppna bild i helsk\u00e4rm<img loading=\"lazy\"   alt=\"\"\/>\u00d6ppna bild i helsk\u00e4rm<\/p>\n<p>En stund efter klockan 17:00 p\u00e5 fredagen larmades polis, r\u00e4ddningstj\u00e4nst och ambulans till Malm\u00f6v\u00e4gen i <a href=\"https:\/\/www.expressen.se\/tagg\/location\/tollarp\/\" class=\"\" rel=\"nofollow noopener\" target=\"_blank\">Tollarp<\/a> i Kristianstads kommun, d\u00e4r en personbil kolliderat med en gr\u00e4vmaskin med sl\u00e4p.\u00a0<\/p>\n<p>\u201dPersonbilen har k\u00f6rt in i ett sl\u00e4p som dragits av gr\u00e4vmaskinen. Losstagning av personerna i personbilen p\u00e5g\u00e5r\u201d, skrev polisen p\u00e5 sin hemsida vid 18-tiden.\u00a0<\/p>\n<p>Kvinna livshotande skadad<\/p>\n<p>Tv\u00e5 vuxna och fyra barn f\u00e4rdades i personbilen. De f\u00f6rdes till Centralsjukhuset i Kristianstad med ambulans.\u00a0<\/p>\n<p>En kvinna i 35-\u00e5rs\u00e5ldern \u00e4r livshotande skadad och en man i samma \u00e5lder \u00e4r allvarligt skadad, enligt en uppdaterad skaderapport fr\u00e5n Region Sk\u00e5ne. De fyra barnen, tre pojkar och en flicka i \u00e5ldrarna 2\u201314 \u00e5r, \u00e4r allvarligt skadade.\u00a0<\/p>\n<p>Gr\u00e4vmaskinsf\u00f6raren var \u201dfysiskt oskadd\u201d efter olyckan, enligt polisens presstalesperson Evelina Olsson.\u00a0<\/p>\n<p>Polisen utreder olyckan<\/p>\n<p>Polisen har \u00f6ppnat en f\u00f6runders\u00f6kning om v\u00e5rdsl\u00f6shet i trafik.\u00a0<\/p>\n<p>\u2013 Det enda vi vet \u00e4r att personbilen k\u00f6rt in bak i sl\u00e4pet och fastnat d\u00e4r. N\u00e4rmare omst\u00e4ndigheter f\u00e5r utredas. Vi beh\u00f6ver en rubricering f\u00f6r att kunna utreda olyckan och ta bilen i beslag. Ingen \u00e4r delgiven misstanke om brott, s\u00e4ger Evelina Olsson.\u00a0<\/p>\n<p>Strax innan klockan 19:00 var v\u00e4gen \u00f6ppen f\u00f6r trafik igen.<\/p>\n<p>F\u00f6rtydligande: Region Sk\u00e5ne uppgav f\u00f6rst att en man i 35-\u00e5rs\u00e5ldern \u00e4r livshotande skadad, men senare under kv\u00e4llen skriver man i st\u00e4llet att en kvinna i 35-\u00e5rs\u00e5ldern \u00e4r det.\u00a0<\/p>\n","protected":false},"excerpt":{"rendered":"Uppdaterad 26 jun 2026 kl 22.34Publicerad 26 jun 2026 kl 20.56 En bil och en gr\u00e4vmaskin med sl\u00e4p&hellip;\n","protected":false},"author":2,"featured_media":288729,"comment_status":"","ping_status":"","sticky":false,"template":"","format":"standard","meta":{"footnotes":"","_share_on_mastodon":"0"},"categories":[5],"tags":[22,23,26,27,17,21,24,25,2038,26433,28,29,15,16,18,34,154,31,33,32,30,19,4070,20],"class_list":["post-288728","post","type-post","status-publish","format-standard","has-post-thumbnail","category-rubriker","tag-breaking-news","tag-breakingnews","tag-featured-news","tag-featurednews","tag-headlines","tag-huvudnyheter","tag-latest-news","tag-latestnews","tag-location-kristianstad","tag-location-tollarp","tag-main-news","tag-mainnews","tag-news","tag-nyheter","tag-rubriker","tag-se","tag-sections-sverige","tag-svenska","tag-sverige","tag-sweden","tag-swedish","tag-top-stories","tag-topic-trafikolycka","tag-topstories"],"share_on_mastodon":{"url":"https:\/\/pubeurope.com\/@se\/116818713404517958","error":""},"_links":{"self":[{"href":"https:\/\/www.europesays.com\/se\/wp-json\/wp\/v2\/posts\/288728","targetHints":{"allow":["GET"]}}],"collection":[{"href":"https:\/\/www.europesays.com\/se\/wp-json\/wp\/v2\/posts"}],"about":[{"href":"https:\/\/www.europesays.com\/se\/wp-json\/wp\/v2\/types\/post"}],"author":[{"embeddable":true,"href":"https:\/\/www.europesays.com\/se\/wp-json\/wp\/v2\/users\/2"}],"replies":[{"embeddable":true,"href":"https:\/\/www.europesays.com\/se\/wp-json\/wp\/v2\/comments?post=288728"}],"version-history":[{"count":0,"href":"https:\/\/www.europesays.com\/se\/wp-json\/wp\/v2\/posts\/288728\/revisions"}],"wp:featuredmedia":[{"embeddable":true,"href":"https:\/\/www.europesays.com\/se\/wp-json\/wp\/v2\/media\/288729"}],"wp:attachment":[{"href":"https:\/\/www.europesays.com\/se\/wp-json\/wp\/v2\/media?parent=288728"}],"wp:term":[{"taxonomy":"category","embeddable":true,"href":"https:\/\/www.europesays.com\/se\/wp-json\/wp\/v2\/categories?post=288728"},{"taxonomy":"post_tag","embeddable":true,"href":"https:\/\/www.europesays.com\/se\/wp-json\/wp\/v2\/tags?post=288728"}],"curies":[{"name":"wp","href":"https:\/\/api.w.org\/{rel}","templated":true}]}}