{"id":289023,"date":"2026-06-27T07:48:10","date_gmt":"2026-06-27T07:48:10","guid":{"rendered":"https:\/\/www.europesays.com\/se\/289023\/"},"modified":"2026-06-27T07:48:10","modified_gmt":"2026-06-27T07:48:10","slug":"sommar-i-p1-alexander-karims-sorg-bryter-ihop","status":"publish","type":"post","link":"https:\/\/www.europesays.com\/se\/289023\/","title":{"rendered":"Sommar i P1: Alexander Karims sorg \u2013 bryter ihop"},"content":{"rendered":"<p>Alexander Karim kan inte h\u00e5lla tillbaka t\u00e5rarna i sitt sommarprat.\u00a0<\/p>\n<p>Han ber\u00e4ttar om en v\u00e4n som har g\u00e5tt bort.\u00a0<\/p>\n<p>\u2013 Nu har hela Sverige h\u00f6rt ditt namn, min v\u00e4n.\u00a0<\/p>\n<p><img   alt=\"\"\/><\/p>\n<p>Alexander Karim sommarpratar i P1.<\/p>\n<p>Foto: Mattias Ahlm \/ Sveriges Radio<\/p>\n<p>\u00d6ppna bild i helsk\u00e4rm<img loading=\"lazy\"   alt=\"\"\/><\/p>\n<p>Alexander Karim.<\/p>\n<p>Foto: JONAS ENG<\/p>\n<p>\u00d6ppna bild i helsk\u00e4rm<\/p>\n<p>Sk\u00e5despelaren Alexander Karim, 50, ber\u00e4ttar i <a href=\"https:\/\/www.sverigesradio.se\/avsnitt\/alexander-karim-sommarpratare-2026\" rel=\"nofollow noopener\" target=\"_blank\">\u201dSommar i P1\u201d<\/a> om vad han har varit med om i sitt liv. Vid flera tillf\u00e4llen n\u00e4mner han sin v\u00e4n Casper.\u00a0<\/p>\n<p>De har varit v\u00e4nner sedan de var unga och bodde en period i Los Angeles tillsammans.\u00a0<\/p>\n<p>\u2013 Livet h\u00e4nder alltid utan f\u00f6rvarning. Det var en drunkningsolycka, s\u00e4ger Alexander Karim.\u00a0<\/p>\n<p>Han ber\u00e4ttar att hans v\u00e4n gick bort vid 49 \u00e5rs \u00e5lder.\u00a0<\/p>\n<p>\u2013 Casper var en s\u00f6kare. Vi ville samma sak. Men n\u00e4r jag ville spela musik stod han i bakgrunden, med mikrofonen avst\u00e4ngd. Och det var s\u00e5 han levde sitt liv. Han hade s\u00e5 mycket att s\u00e4ga men hans mick var st\u00e4ndigt av.\u00a0<\/p>\n<p>T\u00e5rarna i \u201dSommar i P1\u201d\u00a0<\/p>\n<p>Karim ber\u00e4ttar att de en g\u00e5ng var i Las Vegas, drack \u00f6l och s\u00e5g ut \u00f6ver staden. De dr\u00f6mde sig bort om att de skulle sitta s\u00e5 n\u00e4r de ocks\u00e5 var 50 \u00e5r gamla, hade fru, barn och karri\u00e4rer \u2013 en som sk\u00e5despelare och en som stor konstn\u00e4r.\u00a0<\/p>\n<p>\u2013 Men \u00e5ren gick och det lossnade aldrig. \u201dN\u00e4r du d\u00f6r kommer folk veta att du har funnits Alex. Du har varit med p\u00e5 tv och i tidningar och filmer. Men n\u00e4r jag d\u00f6r kommer jag gl\u00f6mmas bort. Det kommer inte finnas n\u00e5got bevis f\u00f6r att jag varit h\u00e4r\u201d, sa han mer \u00e4n en g\u00e5ng under de sista \u00e5ren av sitt liv. Men han hade fel. Han kommer inte gl\u00f6mmas bort, s\u00e4ger Karim i sommarpratet.\u00a0<\/p>\n<p>Karim b\u00f6rjar s\u00e4ga sin v\u00e4ns fullst\u00e4ndiga namn, men brister ut i gr\u00e5t. Han m\u00e5ste pausa innan han kan forts\u00e4tta.\u00a0<\/p>\n<p>\u2013\u00a0S\u00e5. Nu har hela Sverige h\u00f6rt ditt namn, min v\u00e4n. Sov s\u00e5 gott, s\u00e4ger han med gr\u00e5ten i halsen.\u00a0<\/p>\n<p>\u201d<a href=\"https:\/\/www.expressen.se\/tagg\/organization\/sommar-i-p1\/\" class=\"\" rel=\"nofollow noopener\" target=\"_blank\">Sommar i P1<\/a>\u201d sl\u00e4pps som podd 07.00 i appen Sveriges Radio och s\u00e4nds 13.00 i P1.<\/p>\n<p><strong>L\u00c4S MER:<\/strong> <a href=\"https:\/\/www.expressen.se\/noje\/arets-sommarpratare-2026--hela-listan-\/\" rel=\"nofollow noopener\" target=\"_blank\"><strong>\u00c5rets sommarpratare 2026 \u2013 hela listan<\/strong><\/a><\/p>\n<p><strong>L\u00c4S MER: <\/strong><a href=\"https:\/\/www.expressen.se\/noje\/basta-sommarpratare-2026-betyg-pa-alla-sommar-i-p1\/\" rel=\"nofollow noopener\" target=\"_blank\"><strong>B\u00e4sta sommarpratare 2026 \u2013 betyg p\u00e5 ALLA Sommar i P1\u00a0<\/strong><\/a><\/p>\n","protected":false},"excerpt":{"rendered":"Alexander Karim kan inte h\u00e5lla tillbaka t\u00e5rarna i sitt sommarprat.\u00a0 Han ber\u00e4ttar om en v\u00e4n som har g\u00e5tt&hellip;\n","protected":false},"author":2,"featured_media":289024,"comment_status":"","ping_status":"","sticky":false,"template":"","format":"standard","meta":{"footnotes":"","_share_on_mastodon":"0"},"categories":[67],"tags":[104,22899,352,2525,34,31,33,32,30,427,105],"class_list":["post-289023","post","type-post","status-publish","format-standard","has-post-thumbnail","category-underhallning","tag-entertainment","tag-newsstory-sommarpratare-2026","tag-organization-sommar-i-p1","tag-person-alexander-karim","tag-se","tag-svenska","tag-sverige","tag-sweden","tag-swedish","tag-topic-dodsfall","tag-underhallning"],"share_on_mastodon":{"url":"https:\/\/pubeurope.com\/@se\/116820974416742304","error":""},"_links":{"self":[{"href":"https:\/\/www.europesays.com\/se\/wp-json\/wp\/v2\/posts\/289023","targetHints":{"allow":["GET"]}}],"collection":[{"href":"https:\/\/www.europesays.com\/se\/wp-json\/wp\/v2\/posts"}],"about":[{"href":"https:\/\/www.europesays.com\/se\/wp-json\/wp\/v2\/types\/post"}],"author":[{"embeddable":true,"href":"https:\/\/www.europesays.com\/se\/wp-json\/wp\/v2\/users\/2"}],"replies":[{"embeddable":true,"href":"https:\/\/www.europesays.com\/se\/wp-json\/wp\/v2\/comments?post=289023"}],"version-history":[{"count":0,"href":"https:\/\/www.europesays.com\/se\/wp-json\/wp\/v2\/posts\/289023\/revisions"}],"wp:featuredmedia":[{"embeddable":true,"href":"https:\/\/www.europesays.com\/se\/wp-json\/wp\/v2\/media\/289024"}],"wp:attachment":[{"href":"https:\/\/www.europesays.com\/se\/wp-json\/wp\/v2\/media?parent=289023"}],"wp:term":[{"taxonomy":"category","embeddable":true,"href":"https:\/\/www.europesays.com\/se\/wp-json\/wp\/v2\/categories?post=289023"},{"taxonomy":"post_tag","embeddable":true,"href":"https:\/\/www.europesays.com\/se\/wp-json\/wp\/v2\/tags?post=289023"}],"curies":[{"name":"wp","href":"https:\/\/api.w.org\/{rel}","templated":true}]}}