{"id":289278,"date":"2026-06-27T13:58:37","date_gmt":"2026-06-27T13:58:37","guid":{"rendered":"https:\/\/www.europesays.com\/se\/289278\/"},"modified":"2026-06-27T13:58:37","modified_gmt":"2026-06-27T13:58:37","slug":"netflix-gor-serie-om-mordaren-peter-mangs-2","status":"publish","type":"post","link":"https:\/\/www.europesays.com\/se\/289278\/","title":{"rendered":"Netflix g\u00f6r serie om m\u00f6rdaren Peter Mangs"},"content":{"rendered":"<p>Uppdaterad 26 jun 2026 kl 10.54Publicerad 26 jun 2026 kl 09.35<\/p>\n<p>Mattias Gardells bok \u201dRaskrigaren\u201d om m\u00f6rdaren Peter Mangs ska bli tv-serie p\u00e5 Netflix, enligt ett pressmeddelande.<\/p>\n<p><img loading=\"lazy\"   alt=\"\"\/><\/p>\n<p>Peter Mangs.<\/p>\n<p>Foto: TOMAS LEPRINCE<\/p>\n<p>\u00d6ppna bild i helsk\u00e4rm<img loading=\"lazy\"   alt=\"\"\/><\/p>\n<p>Netflix.<\/p>\n<p>Foto: Shutterstock<\/p>\n<p>\u00d6ppna bild i helsk\u00e4rm<\/p>\n<p>Serien ska handla om Mangs, polisutredningen, offren och \u201dvad som h\u00e4nder med ett samh\u00e4lle som h\u00e5lls gisslan av en m\u00f6rdare under sju \u00e5r\u201d<\/p>\n<p>Manuset skrivs av Wilhelm Behrman och Niklas Rockstr\u00f6m, f\u00f6rfattarna bakom \u201dKalifat\u201d och \u201dDen osannolika m\u00f6rdaren\u201d.<\/p>\n<p>\u201dDet \u00e4r m\u00e5nga i dag som antingen gl\u00f6mt eller \u00e4r f\u00f6r unga f\u00f6r att k\u00e4nna till Malm\u00f6skjutningarna, men offren \u00e4r viktiga att minnas och h\u00e4ndelserna beh\u00f6ver vi l\u00e4ra av\u201d, s\u00e4ger de b\u00e5da skaparna enligt pressmeddelandet.<\/p>\n<p>F\u00f6r regi st\u00e5r M\u00e5ns M\u00e5nsson (\u201d<a href=\"https:\/\/www.expressen.se\/tagg\/organization\/estonia\/\" class=\"\" rel=\"nofollow noopener\" target=\"_blank\">Estonia<\/a>\u201d). Det framg\u00e5r inte n\u00e4r tv-serien kommer att s\u00e4ndas.<\/p>\n","protected":false},"excerpt":{"rendered":"Uppdaterad 26 jun 2026 kl 10.54Publicerad 26 jun 2026 kl 09.35 Mattias Gardells bok \u201dRaskrigaren\u201d om m\u00f6rdaren Peter&hellip;\n","protected":false},"author":2,"featured_media":289279,"comment_status":"","ping_status":"","sticky":false,"template":"","format":"standard","meta":{"footnotes":"","_share_on_mastodon":"0"},"categories":[67],"tags":[104,440,2211,5870,1839,26527,34,645,31,33,32,30,105],"class_list":["post-289278","post","type-post","status-publish","format-standard","has-post-thumbnail","category-underhallning","tag-entertainment","tag-function-unga","tag-location-malmo","tag-organization-estonia","tag-organization-netflix","tag-person-peter-mangs","tag-se","tag-sections-tv","tag-svenska","tag-sverige","tag-sweden","tag-swedish","tag-underhallning"],"share_on_mastodon":{"url":"https:\/\/pubeurope.com\/@se\/116822429415765294","error":""},"_links":{"self":[{"href":"https:\/\/www.europesays.com\/se\/wp-json\/wp\/v2\/posts\/289278","targetHints":{"allow":["GET"]}}],"collection":[{"href":"https:\/\/www.europesays.com\/se\/wp-json\/wp\/v2\/posts"}],"about":[{"href":"https:\/\/www.europesays.com\/se\/wp-json\/wp\/v2\/types\/post"}],"author":[{"embeddable":true,"href":"https:\/\/www.europesays.com\/se\/wp-json\/wp\/v2\/users\/2"}],"replies":[{"embeddable":true,"href":"https:\/\/www.europesays.com\/se\/wp-json\/wp\/v2\/comments?post=289278"}],"version-history":[{"count":0,"href":"https:\/\/www.europesays.com\/se\/wp-json\/wp\/v2\/posts\/289278\/revisions"}],"wp:featuredmedia":[{"embeddable":true,"href":"https:\/\/www.europesays.com\/se\/wp-json\/wp\/v2\/media\/289279"}],"wp:attachment":[{"href":"https:\/\/www.europesays.com\/se\/wp-json\/wp\/v2\/media?parent=289278"}],"wp:term":[{"taxonomy":"category","embeddable":true,"href":"https:\/\/www.europesays.com\/se\/wp-json\/wp\/v2\/categories?post=289278"},{"taxonomy":"post_tag","embeddable":true,"href":"https:\/\/www.europesays.com\/se\/wp-json\/wp\/v2\/tags?post=289278"}],"curies":[{"name":"wp","href":"https:\/\/api.w.org\/{rel}","templated":true}]}}