{"id":28929,"date":"2025-09-13T08:41:06","date_gmt":"2025-09-13T08:41:06","guid":{"rendered":"https:\/\/www.europesays.com\/se\/28929\/"},"modified":"2025-09-13T08:41:06","modified_gmt":"2025-09-13T08:41:06","slug":"kd-vill-utreda-hardare-straff-for-hot-mot-politiker","status":"publish","type":"post","link":"https:\/\/www.europesays.com\/se\/28929\/","title":{"rendered":"KD vill utreda h\u00e5rdare straff f\u00f6r hot mot politiker"},"content":{"rendered":"<p>Kristdemokraternas partiledare Ebba Busch vill utreda h\u00e5rdare straff f\u00f6r personer som hotar och trakasserar politiker. Det skriver hon i ett debattinl\u00e4gg p\u00e5 SvD, tillsammans med KD:s Europaparlamentariker Alice Teodorescu M\u00e5we.<\/p>\n<p>Busch och Teodorescu M\u00e5we h\u00e4vdar att \u201dSverige \u00e4r under en v\u00e4rderingsattack\u201d och pekar framf\u00f6r\u202fallt ut den \u201dradikala Palestinar\u00f6relsen\u201d som ett v\u00e4xande hot mot demokratin. <\/p>\n<p>De tar upp exempel fr\u00e5n EU-valet d\u00e4r \u201dden radikala och v\u00e4nsterdominerade Palestinar\u00f6relsen st\u00f6rde och avbr\u00f6t\u201d \u2013 metoder som de menar hindrar det demokratiska samtalet.<\/p>\n<p>\u201dVi kristdemokrater kommer inte ge vika f\u00f6r den h\u00e4r sortens metoder\u201d, skriver de.<\/p>\n<p>De f\u00f6resl\u00e5r ocks\u00e5 striktare regler f\u00f6r var man f\u00e5r h\u00e5lla demonstrationer. <\/p>\n<p>I ett tal p\u00e5 l\u00f6rdagsf\u00f6rmiddagen sa Ebba Busch att personer som \u00e5terkommande st\u00f6r vid demonstrationer ska kunna st\u00e4ngas av fr\u00e5n offentliga platser.<\/p>\n<p>Omni \u00e4r politiskt obundna och oberoende. Vi str\u00e4var efter att ge fler perspektiv p\u00e5 nyheterna. Har du fr\u00e5gor eller synpunkter kring v\u00e5r rapportering? <a href=\"https:\/\/omni.se\/kd-vill-utreda-hardare-straff-for-hot-mot-politiker\/a\/mailto:redaktion@omni.se\" class=\"ArticleActions_contactLink__W2F1M\" rel=\"nofollow noopener\" target=\"_blank\">Kontakta redaktionen<\/a><\/p>\n","protected":false},"excerpt":{"rendered":"Kristdemokraternas partiledare Ebba Busch vill utreda h\u00e5rdare straff f\u00f6r personer som hotar och trakasserar politiker. Det skriver hon&hellip;\n","protected":false},"author":2,"featured_media":28930,"comment_status":"","ping_status":"","sticky":false,"template":"","format":"standard","meta":{"footnotes":""},"categories":[5],"tags":[3299,22,23,445,1106,26,27,17,21,1107,24,25,28,29,15,16,369,18,34,31,33,32,30,19,20],"class_list":{"0":"post-28929","1":"post","2":"type-post","3":"status-publish","4":"format-standard","5":"has-post-thumbnail","7":"category-rubriker","8":"tag-alice-teodorescu-mawe","9":"tag-breaking-news","10":"tag-breakingnews","11":"tag-debatt","12":"tag-ebba-busch","13":"tag-featured-news","14":"tag-featurednews","15":"tag-headlines","16":"tag-huvudnyheter","17":"tag-kristdemokraterna","18":"tag-latest-news","19":"tag-latestnews","20":"tag-main-news","21":"tag-mainnews","22":"tag-news","23":"tag-nyheter","24":"tag-politik","25":"tag-rubriker","26":"tag-se","27":"tag-svenska","28":"tag-sverige","29":"tag-sweden","30":"tag-swedish","31":"tag-top-stories","32":"tag-topstories"},"share_on_mastodon":{"url":"","error":""},"_links":{"self":[{"href":"https:\/\/www.europesays.com\/se\/wp-json\/wp\/v2\/posts\/28929","targetHints":{"allow":["GET"]}}],"collection":[{"href":"https:\/\/www.europesays.com\/se\/wp-json\/wp\/v2\/posts"}],"about":[{"href":"https:\/\/www.europesays.com\/se\/wp-json\/wp\/v2\/types\/post"}],"author":[{"embeddable":true,"href":"https:\/\/www.europesays.com\/se\/wp-json\/wp\/v2\/users\/2"}],"replies":[{"embeddable":true,"href":"https:\/\/www.europesays.com\/se\/wp-json\/wp\/v2\/comments?post=28929"}],"version-history":[{"count":0,"href":"https:\/\/www.europesays.com\/se\/wp-json\/wp\/v2\/posts\/28929\/revisions"}],"wp:featuredmedia":[{"embeddable":true,"href":"https:\/\/www.europesays.com\/se\/wp-json\/wp\/v2\/media\/28930"}],"wp:attachment":[{"href":"https:\/\/www.europesays.com\/se\/wp-json\/wp\/v2\/media?parent=28929"}],"wp:term":[{"taxonomy":"category","embeddable":true,"href":"https:\/\/www.europesays.com\/se\/wp-json\/wp\/v2\/categories?post=28929"},{"taxonomy":"post_tag","embeddable":true,"href":"https:\/\/www.europesays.com\/se\/wp-json\/wp\/v2\/tags?post=28929"}],"curies":[{"name":"wp","href":"https:\/\/api.w.org\/{rel}","templated":true}]}}