{"id":289340,"date":"2026-06-27T15:53:16","date_gmt":"2026-06-27T15:53:16","guid":{"rendered":"https:\/\/www.europesays.com\/se\/289340\/"},"modified":"2026-06-27T15:53:16","modified_gmt":"2026-06-27T15:53:16","slug":"polischefen-om-gangen-vi-har-inte-knackt-nagonting-krim","status":"publish","type":"post","link":"https:\/\/www.europesays.com\/se\/289340\/","title":{"rendered":"Polischefen om g\u00e4ngen: Vi har inte kn\u00e4ckt n\u00e5gonting | Krim"},"content":{"rendered":"<p>Uppdaterad 27 jun 2026 kl 09.04Publicerad 27 jun 2026 kl 08.00<\/p>\n<p>De tre tongivande kriminella n\u00e4tverken Foxtrot, Dalen och Rumba har tryckts tillbaka, s\u00e4ger bitr\u00e4dande rikspolischef Stefan Hector.<\/p>\n<p>Men under ytan oms\u00e4tter den kriminella ekonomin 350 miljarder kronor om \u00e5ret.<\/p>\n<p>Polisens h\u00e5rda budskap till \u201dbarnsoldaterna\u201d<img loading=\"lazy\"   alt=\"\"\/><\/p>\n<p>Stefan Hector p\u00e5 Expressens scen i Almedalen.<\/p>\n<p>Foto: SVEN LINDWALL<\/p>\n<p>\u00d6ppna bild i helsk\u00e4rm<img loading=\"lazy\"   alt=\"\"\/><\/p>\n<p>Den kriminella ekonomin oms\u00e4tter 350 miljarder kronor om \u00e5ret.<\/p>\n<p>Foto: Johan Nilsson\/TT \/ TT NYHETSBYR\u00c5N<\/p>\n<p>\u00d6ppna bild i helsk\u00e4rm<\/p>\n<p>\u2013 Vi har inte kn\u00e4ckt n\u00e5gonting men just nu \u00e4r vi framg\u00e5ngsrika, s\u00e4ger <a href=\"https:\/\/www.expressen.se\/tagg\/person\/stefan-hector\/\" class=\"\" rel=\"nofollow noopener\" target=\"_blank\">Stefan Hector<\/a> under en intervju i Almedalen i Visby.<\/p>\n<p>Han har snabbt f\u00e5tt ers\u00e4tta rikspolischefen Petra Lundh, som br\u00f6t foten precis innan hon skulle till Gotland n\u00e4r hon lekte med sin 35 kilo tunga labrador.<\/p>\n<p>Antalet d\u00f6dsskjutningar i Sverige har minskat sedan rekord\u00e5ret 2022 d\u00e5 63 personer sk\u00f6ts ihj\u00e4l. I \u00e5r har tv\u00e5 kalenderm\u00e5nader \u2013 januari och maj \u2013 noterats utan n\u00e5gra d\u00f6dsskjutningar alls, vilket \u00e4r en ovanlig syn i statistiken.<\/p>\n<p>\u201dFinns knappt kvar\u201d<\/p>\n<p>Stefan Hector s\u00e4ger att polisen har blivit b\u00e4ttre p\u00e5 att f\u00f6rebygga brott genom att till exempel para ihop en rymning fr\u00e5n ett hvb- eller ungdomshem med kontrakt som g\u00f6rs upp i krypterade chattar.<\/p>\n<p>\u2013 Det gr\u00f6vsta v\u00e5ldet har drivits av tre stycken tongivande n\u00e4tverk och vi har arbetat p\u00e5 flera fronter f\u00f6r att reducera deras kapacitet. Det har varit f\u00f6rh\u00e5llandevis framg\u00e5ngsrikt.<\/p>\n<p>Polischefen syftar p\u00e5 g\u00e4ngen Dalen, Rumba och Foxtrot som dominerat den svenska v\u00e5ldsscenen.<\/p>\n<p>\u2013 De tv\u00e5 f\u00f6rstn\u00e4mnda uppfattar vi knappt finns kvar medan Foxtrotn\u00e4tverket har kraftigt begr\u00e4nsats och det tror vi \u00e4r ytterligare en omst\u00e4ndighet som har tryckt ner v\u00e5ldet.<\/p>\n<p>Polisen har ocks\u00e5 brutit med gamla stupr\u00f6rsstrukturer och lyckats inkapacitera ledargestalter i framf\u00f6r allt Mellan\u00f6stern och Nordafrika.<\/p>\n<p>\u2013 Vi har ju f\u00e5tt \u00f6verge en massa gamla sanningar, slakta heliga kor, pr\u00f6va nya saker som vi aldrig har gjort f\u00f6rut, s\u00e4ger Hector.<\/p>\n<p>S\u00e4nkt straffbarhets\u00e5lder<\/p>\n<p>Samtidigt forts\u00e4tter g\u00e4ngen att rekrytera barn och n\u00e4r politikerna s\u00e4nker straffbarhets\u00e5ldern till 14 \u00e5r ser han en fara i att rekryteringen g\u00e5r ner \u00e4nnu l\u00e4gre i \u00e5ldrarna.<\/p>\n<p>\u2013 Vi vill inte trycka ner g\u00e4rningsmannaskapet \u00e4nnu l\u00e4gre, det \u00e4r det som talar emot. Det som talar f\u00f6r \u00e4r skyddet av allm\u00e4nheten. Men huvudsakligen \u00e4r det en politisk fr\u00e5ga som vi anpassar oss efter, samtidigt som vi kan konstatera att den l\u00f6sning vi haft hittills inte varit gynnsam. Det \u00e4r v\u00e4rt att pr\u00f6va.<\/p>\n<p>Antalet spr\u00e4ngningar ligger ocks\u00e5 fortsatt p\u00e5 h\u00f6ga niv\u00e5er och den kriminella ekonomin oms\u00e4tter 350 miljarder kronor \u00e5rligen varav 185 miljarder i vinst.<\/p>\n<p>F\u00f6r n\u00e4sta mandatperiod \u00f6nskar Hector att politikerna h\u00e5ller sig ifr\u00e5n detaljstyrning av myndigheten, och en ny lag om hemliga preventiva tv\u00e5ngsmedel. Eller att i brottsf\u00f6rebyggande syfte f\u00e5 sl\u00e5 till mot till exempel en server som st\u00e5r i Nederl\u00e4nderna och s\u00e4ljer narkotika.<\/p>\n<p>\u2013 Det kanske \u00e4r det viktigaste \u00f6nskem\u00e5let, s\u00e4ger han.<\/p>\n","protected":false},"excerpt":{"rendered":"Uppdaterad 27 jun 2026 kl 09.04Publicerad 27 jun 2026 kl 08.00 De tre tongivande kriminella n\u00e4tverken Foxtrot, Dalen&hellip;\n","protected":false},"author":2,"featured_media":289341,"comment_status":"","ping_status":"","sticky":false,"template":"","format":"standard","meta":{"footnotes":"","_share_on_mastodon":"0"},"categories":[65],"tags":[72,70,71,400,26531,34,666,31,33,32,30,668],"class_list":["post-289340","post","type-post","status-publish","format-standard","has-post-thumbnail","category-ekonomi","tag-business","tag-economy","tag-ekonomi","tag-organization-polisen","tag-person-stefan-hector","tag-se","tag-sections-krim","tag-svenska","tag-sverige","tag-sweden","tag-swedish","tag-topic-gangkriminalitet"],"share_on_mastodon":{"url":"https:\/\/pubeurope.com\/@se\/116822881574787686","error":""},"_links":{"self":[{"href":"https:\/\/www.europesays.com\/se\/wp-json\/wp\/v2\/posts\/289340","targetHints":{"allow":["GET"]}}],"collection":[{"href":"https:\/\/www.europesays.com\/se\/wp-json\/wp\/v2\/posts"}],"about":[{"href":"https:\/\/www.europesays.com\/se\/wp-json\/wp\/v2\/types\/post"}],"author":[{"embeddable":true,"href":"https:\/\/www.europesays.com\/se\/wp-json\/wp\/v2\/users\/2"}],"replies":[{"embeddable":true,"href":"https:\/\/www.europesays.com\/se\/wp-json\/wp\/v2\/comments?post=289340"}],"version-history":[{"count":0,"href":"https:\/\/www.europesays.com\/se\/wp-json\/wp\/v2\/posts\/289340\/revisions"}],"wp:featuredmedia":[{"embeddable":true,"href":"https:\/\/www.europesays.com\/se\/wp-json\/wp\/v2\/media\/289341"}],"wp:attachment":[{"href":"https:\/\/www.europesays.com\/se\/wp-json\/wp\/v2\/media?parent=289340"}],"wp:term":[{"taxonomy":"category","embeddable":true,"href":"https:\/\/www.europesays.com\/se\/wp-json\/wp\/v2\/categories?post=289340"},{"taxonomy":"post_tag","embeddable":true,"href":"https:\/\/www.europesays.com\/se\/wp-json\/wp\/v2\/tags?post=289340"}],"curies":[{"name":"wp","href":"https:\/\/api.w.org\/{rel}","templated":true}]}}