{"id":28966,"date":"2025-09-13T09:29:12","date_gmt":"2025-09-13T09:29:12","guid":{"rendered":"https:\/\/www.europesays.com\/se\/28966\/"},"modified":"2025-09-13T09:29:12","modified_gmt":"2025-09-13T09:29:12","slug":"en-gripen-for-mord-pa-aldre-man-i-skurup","status":"publish","type":"post","link":"https:\/\/www.europesays.com\/se\/28966\/","title":{"rendered":"En gripen f\u00f6r mord p\u00e5 \u00e4ldre man i Skurup"},"content":{"rendered":"<p>Polisen har gripit en man misst\u00e4nkt f\u00f6r mordet p\u00e5 en man i 80-\u00e5rs\u00e5ldern i Skivarp i Skurups kommun tidigare i veckan, skriver Ystad Allehanda. <\/p>\n<p>Mannen hittades allvarligt skadad i sin bostad natten till i onsdags. Han f\u00f6rdes till sjukhus men avled senare.<\/p>\n<p>Den misst\u00e4nkte mannen greps i\u202fg\u00e5r och anh\u00f6lls p\u00e5 l\u00f6rdagen. Han nekar till brott. <\/p>\n<p>Omni \u00e4r politiskt obundna och oberoende. Vi str\u00e4var efter att ge fler perspektiv p\u00e5 nyheterna. Har du fr\u00e5gor eller synpunkter kring v\u00e5r rapportering? <a href=\"https:\/\/omni.se\/en-gripen-for-mord-pa-aldre-man-i-skurup\/a\/mailto:redaktion@omni.se\" class=\"ArticleActions_contactLink__W2F1M\" rel=\"nofollow noopener\" target=\"_blank\">Kontakta redaktionen<\/a><\/p>\n","protected":false},"excerpt":{"rendered":"Polisen har gripit en man misst\u00e4nkt f\u00f6r mordet p\u00e5 en man i 80-\u00e5rs\u00e5ldern i Skivarp i Skurups kommun&hellip;\n","protected":false},"author":2,"featured_media":28967,"comment_status":"","ping_status":"","sticky":false,"template":"","format":"standard","meta":{"footnotes":""},"categories":[5],"tags":[22,23,26,27,17,21,24,25,28,29,15,16,18,34,389,3300,31,33,32,30,19,20],"class_list":{"0":"post-28966","1":"post","2":"type-post","3":"status-publish","4":"format-standard","5":"has-post-thumbnail","7":"category-rubriker","8":"tag-breaking-news","9":"tag-breakingnews","10":"tag-featured-news","11":"tag-featurednews","12":"tag-headlines","13":"tag-huvudnyheter","14":"tag-latest-news","15":"tag-latestnews","16":"tag-main-news","17":"tag-mainnews","18":"tag-news","19":"tag-nyheter","20":"tag-rubriker","21":"tag-se","22":"tag-skane-lan","23":"tag-skurup","24":"tag-svenska","25":"tag-sverige","26":"tag-sweden","27":"tag-swedish","28":"tag-top-stories","29":"tag-topstories"},"share_on_mastodon":{"url":"","error":""},"_links":{"self":[{"href":"https:\/\/www.europesays.com\/se\/wp-json\/wp\/v2\/posts\/28966","targetHints":{"allow":["GET"]}}],"collection":[{"href":"https:\/\/www.europesays.com\/se\/wp-json\/wp\/v2\/posts"}],"about":[{"href":"https:\/\/www.europesays.com\/se\/wp-json\/wp\/v2\/types\/post"}],"author":[{"embeddable":true,"href":"https:\/\/www.europesays.com\/se\/wp-json\/wp\/v2\/users\/2"}],"replies":[{"embeddable":true,"href":"https:\/\/www.europesays.com\/se\/wp-json\/wp\/v2\/comments?post=28966"}],"version-history":[{"count":0,"href":"https:\/\/www.europesays.com\/se\/wp-json\/wp\/v2\/posts\/28966\/revisions"}],"wp:featuredmedia":[{"embeddable":true,"href":"https:\/\/www.europesays.com\/se\/wp-json\/wp\/v2\/media\/28967"}],"wp:attachment":[{"href":"https:\/\/www.europesays.com\/se\/wp-json\/wp\/v2\/media?parent=28966"}],"wp:term":[{"taxonomy":"category","embeddable":true,"href":"https:\/\/www.europesays.com\/se\/wp-json\/wp\/v2\/categories?post=28966"},{"taxonomy":"post_tag","embeddable":true,"href":"https:\/\/www.europesays.com\/se\/wp-json\/wp\/v2\/tags?post=28966"}],"curies":[{"name":"wp","href":"https:\/\/api.w.org\/{rel}","templated":true}]}}