{"id":29060,"date":"2025-09-13T11:56:07","date_gmt":"2025-09-13T11:56:07","guid":{"rendered":"https:\/\/www.europesays.com\/se\/29060\/"},"modified":"2025-09-13T11:56:07","modified_gmt":"2025-09-13T11:56:07","slug":"fbi-chefen-spred-logn-tog-aran-for-gripandet-av-tyler-robinson","status":"publish","type":"post","link":"https:\/\/www.europesays.com\/se\/29060\/","title":{"rendered":"FBI-chefen spred l\u00f6gn \u2013\u00a0tog \u00e4ran f\u00f6r gripandet av Tyler Robinson"},"content":{"rendered":"<p>FBI-chefen Kash Patel spred felaktiga uppgifter om m\u00f6rdarjakten fr\u00e5n lyxresturangen Rao&#8217;s \u2013 och tog sedan \u00e5t sig \u00e4ran f\u00f6r gripandet.\u00a0<\/p>\n<p>Nu f\u00e5r han kraftig kritik f\u00f6r hur han agerat under och efter jakten.<\/p>\n<p>Vita huset sl\u00e5r dock tillbaka.<\/p>\n<p>\u2013 Usel rapportering, s\u00e4ger Donald Trumps talesperson Karoline Leavitt.<\/p>\n<p>Tyler Robinson misst\u00e4nks f\u00f6r mordet p\u00e5 Charlie Kirk<img loading=\"lazy\"   alt=\"\"\/><\/p>\n<p>FBI-chefen Kash Patel p\u00e5 en presstr\u00e4ff efter gripandet.<\/p>\n<p>Foto: LINDSEY WASSON \/ AP TT NYHETSBYR\u00c5N<\/p>\n<p>\u00d6ppna bild i helsk\u00e4rm<img loading=\"lazy\"   alt=\"\"\/><\/p>\n<p>Tyler Robinson, 22, misst\u00e4nks f\u00f6r mordet p\u00e5<\/p>\n<p>Foto: POLARIS \/ POLARIS POLARIS IMAGES<\/p>\n<p>\u00d6ppna bild i helsk\u00e4rm<img loading=\"lazy\"   alt=\"\"\/><\/p>\n<p>Charlie Kirk, 31, sk\u00f6ts till d\u00f6ds vid ett framtr\u00e4dande p\u00e5 ett universitet i Utah.<\/p>\n<p>Foto: MATT ROURKE \/ AP TT NYHETSBYR\u00c5N<\/p>\n<p>\u00d6ppna bild i helsk\u00e4rm<img loading=\"lazy\"   alt=\"\"\/> <\/p>\n<p>Foto: Bob Rossicone \/ Shutterstock<\/p>\n<p>\u00d6ppna bild i helsk\u00e4rm<img loading=\"lazy\"   alt=\"\"\/> <\/p>\n<p>Foto: UTAH DEPARTMENT OF PUBLIC SAFETY \/ STELLA PICTURES\/ZUMA PRESS ZUMA PRESS<\/p>\n<p>\u00d6ppna bild i helsk\u00e4rm<img loading=\"lazy\"   alt=\"\"\/> <\/p>\n<p>Foto: FBI SALT LAKE CITY \/ STELLA PICTURES\/ZUMA PRESS ZUMA PRESS<\/p>\n<p>\u00d6ppna bild i helsk\u00e4rm<\/p>\n<p>Efter en 33 timmar l\u00e5ng jakt kunde <a href=\"https:\/\/www.expressen.se\/nyheter\/varlden\/tyler-robinson-geni-i-maga-familj-gripen-for-mordet-pa-charlie-kirk\/\" rel=\"nofollow noopener\" target=\"_blank\">Tyler Robinson gripas p\u00e5 fredagen<\/a>, misst\u00e4nkt f\u00f6r att ha skjutit ihj\u00e4l h\u00f6gerdebatt\u00f6ren <a href=\"https:\/\/www.expressen.se\/tagg\/person\/charlie-kirk\/\" class=\"\" rel=\"nofollow noopener\" target=\"_blank\">Charlie Kirk<\/a>.\u00a0<\/p>\n<p>FBI-chefen Kash Patel kallade till presskonferens \u2013 och var inte blyg f\u00f6r att lyfta fram sin egen roll.\u00a0<\/p>\n<p>\u2013 P\u00e5 min order sl\u00e4ppte FBI bilder p\u00e5 den misst\u00e4nkte, sa han bland annat inf\u00f6r kamerorna.\u00a0<\/p>\n<p>Han avslutade sitt anf\u00f6rande med ett budskap till Kirk.<\/p>\n<p>\u2013 Slutligen, till min v\u00e4n Charlie Kirk \u2013 vila nu, broder. Vi h\u00e5ller vakt och jag ser dig i Valhall, sa han.<\/p>\n<p>Valhall \u00e4r i nordisk mytologi och asatro en plats i Asg\u00e5rd, dit stupade i strid och stora krigare kan hamna i livet efter detta. Kirk var h\u00e4ngiven kristen.<\/p>\n<p>Patel hann knappt kliva ner fr\u00e5n podiet innan kritiken mot honom b\u00f6rjade hagla.\u00a0<\/p>\n<p>S\u00e5gas<\/p>\n<p>I en analys skriver brittiska <a href=\"https:\/\/www.telegraph.co.uk\/us\/news\/2025\/09\/12\/charlie-kirk-fbi-investigation-why-cant-find-suspect\/\" rel=\"nofollow noopener\" target=\"_blank\">The Telegraphs<\/a> USA-korrespondent Cameron Henderson att Kash Patel tar \u00e5t sig \u00e4ran f\u00f6r ett fall som FBI inte l\u00f6st. Ist\u00e4llet \u00e4r faktum att gripandet f\u00f6rst kunde ske efter att Tyler Robinsons pappa angivit honom. Detta trots att b\u00e5de FBI och flera andra myndigheter arbetade f\u00f6r fullt med fallet.\u00a0<\/p>\n<p>Men det \u00e4r inte bara Kash Patels skryt efter gripandet som v\u00e4ckt kritik. \u00c4ven hans agerande under sj\u00e4lva jakten s\u00e5gas.\u00a0<\/p>\n<p>P\u00e5 X skrev Kash Patel redan i onsdags, knappt fyra timmar efter mordet, att den skyldiga f\u00f6r mordet var gripen. En felaktig uppgift, som skapade stor f\u00f6rvirring under arbetet, enligt The Telegraph. Han backade senare fr\u00e5n uppgiften, vilket ytterligare sp\u00e4dde p\u00e5 f\u00f6rvirringen.\u00a0<\/p>\n<p>Enligt <a href=\"https:\/\/www.telegraph.co.uk\/us\/news\/2025\/09\/12\/charlie-kirk-fbi-investigation-why-cant-find-suspect\/\" rel=\"nofollow noopener\" target=\"_blank\">NBC News<\/a> \u00e5t Kash Patel middag p\u00e5 en av New York finaste restauranger, italienska Rao\u2019s, samma kv\u00e4ll som han postade inl\u00e4ggen p\u00e5 X.\u00a0<\/p>\n<p>\u201dInte acceptabelt\u201d<\/p>\n<p>Till <a href=\"https:\/\/www.reuters.com\/world\/us\/fbi-director-kash-patel-faces-scrutiny-inaccurately-saying-kirk-killer-had-been-2025-09-11\/\" rel=\"nofollow noopener\" target=\"_blank\">Reuters<\/a> s\u00e4ger en anonym k\u00e4lla i Vita huset att irritationen internt bland presidentens stab \u00e4r stor.\u00a0<\/p>\n<p>\u2013 Hans agerande \u00e4r inte acceptabelt vare sig f\u00f6r Vita huset eller den amerikanska allm\u00e4nheten, s\u00e4ger personen och l\u00e4gger till att fr\u00e5gan kommer att \u201daddreseras\u201d fram\u00f6ver.\u00a0<\/p>\n<p>Flera medier rapporterar om intern kritik \u00e4ven inom FBI.<\/p>\n<p>Anst\u00e4llda vid myndigheten s\u00e4ger till <a href=\"https:\/\/edition.cnn.com\/2025\/09\/13\/politics\/kash-patel-fbi-leadership-concerns\" rel=\"nofollow noopener\" target=\"_blank\">CNN<\/a> att det finns ett utbrett missn\u00f6je med chefens agerande. Personer rapporteras uppleva det \u201dirriterande\u201d att Patel f\u00f6rs\u00f6kt framh\u00e4va sin egen roll i gripandet.\u00a0<\/p>\n<p>Annons<\/p>\n<p>En k\u00e4lla inom FBI s\u00e4ger till NBC News att mordet pekar p\u00e5 att Patel inte klarade av att hantera \u00e4rendet \u201dsom en ledare\u201d.\u00a0<\/p>\n<p>Och den tidigare FBI-agenten Dan Brunner s\u00e4ger till Reuters att Patels agerande inte liknar n\u00e5got annat.<\/p>\n<p>\u2013 I b\u00f6rjan av en utredning \u00e4r m\u00e5nga av de initiala uppgifterna fel eller n\u00e5got missvisande. Utredare beh\u00f6ver g\u00e5 igenom materialet innan man presenterar bevis. Man genomf\u00f6r inte FBI-utredningar via sociala medier, s\u00e4ger han.\u00a0<\/p>\n<p>Vita huset sl\u00e5r tillbaka\u00a0<\/p>\n<p>Kash Patel tillsattes av Donald Trump, och jakten p\u00e5 Charlie Kirks m\u00f6rdare \u00e4r den i s\u00e4rklass st\u00f6rsta h\u00e4ndelsen f\u00f6r FBI sedan dess.\u00a0<\/p>\n<p>Till Reuters s\u00e4ger Vita husets talesperson Karoline Leavitt att uppgifterna om kritiken inom presidentstaben mot Patel \u00e4r felaktiga och att han har Trumps st\u00f6d.\u00a0<\/p>\n<p>\u2013 Detta \u00e4r usel rapportering baserad p\u00e5 anonyma k\u00e4llor som uppenbart f\u00f6rs\u00f6ker s\u00e5 misstro inom presidentens team under en tid av st\u00f6rsta enighet, s\u00e4ger hon.\u00a0<\/p>\n<p>Kash Patel \u00e4r redan sedan tidigare satt under stor press.<\/p>\n<p>B\u00e5de demokrater och republikaner har ifr\u00e5gasatt s\u00e4ttet han leder FBI p\u00e5, dels p\u00e5 grund av hanteringen kring utredningen av Jeffrey Epstein och dels p\u00e5 grund flera ifr\u00e5gasatta upps\u00e4gningar p\u00e5 myndigheten.<\/p>\n<p><strong>L\u00c4S MER: <\/strong><a href=\"https:\/\/www.expressen.se\/nyheter\/varlden\/trump-om-charlie-kirks-mordare-tror-vi-har-honom\/\" class=\"\" rel=\"nofollow noopener\" target=\"_blank\">Tyler Robinson, 22, gripen f\u00f6r mordet p\u00e5 Charlie Kirk<\/a><strong>L\u00c4S MER: <\/strong><a href=\"https:\/\/www.expressen.se\/nyheter\/varlden\/kirks-anka-tackar-trump-i-tal-om-mordade-maken\/\" class=\"\" rel=\"nofollow noopener\" target=\"_blank\">Kirks \u00e4nka tackar Trump i t\u00e5rfyllt tal om m\u00f6rdade maken<\/a><\/p>\n","protected":false},"excerpt":{"rendered":"FBI-chefen Kash Patel spred felaktiga uppgifter om m\u00f6rdarjakten fr\u00e5n lyxresturangen Rao&#8217;s \u2013 och tog sedan \u00e5t sig \u00e4ran&hellip;\n","protected":false},"author":2,"featured_media":29061,"comment_status":"","ping_status":"","sticky":false,"template":"","format":"standard","meta":{"footnotes":""},"categories":[14],"tags":[22,23,26,27,17,21,24,25,45,28,29,15,3132,16,3307,3131,3306,18,34,55,31,33,32,30,19,20,51,52,53,54],"class_list":{"0":"post-29060","1":"post","2":"type-post","3":"status-publish","4":"format-standard","5":"has-post-thumbnail","7":"category-varlden","8":"tag-breaking-news","9":"tag-breakingnews","10":"tag-featured-news","11":"tag-featurednews","12":"tag-headlines","13":"tag-huvudnyheter","14":"tag-latest-news","15":"tag-latestnews","16":"tag-location-usa","17":"tag-main-news","18":"tag-mainnews","19":"tag-news","20":"tag-newsstory-charlie-kirk-mordad","21":"tag-nyheter","22":"tag-organization-fbi","23":"tag-person-charlie-kirk","24":"tag-person-kash-patel","25":"tag-rubriker","26":"tag-se","27":"tag-sections-varlden","28":"tag-svenska","29":"tag-sverige","30":"tag-sweden","31":"tag-swedish","32":"tag-top-stories","33":"tag-topstories","34":"tag-varlden","35":"tag-world","36":"tag-world-news","37":"tag-worldnews"},"share_on_mastodon":{"url":"","error":""},"_links":{"self":[{"href":"https:\/\/www.europesays.com\/se\/wp-json\/wp\/v2\/posts\/29060","targetHints":{"allow":["GET"]}}],"collection":[{"href":"https:\/\/www.europesays.com\/se\/wp-json\/wp\/v2\/posts"}],"about":[{"href":"https:\/\/www.europesays.com\/se\/wp-json\/wp\/v2\/types\/post"}],"author":[{"embeddable":true,"href":"https:\/\/www.europesays.com\/se\/wp-json\/wp\/v2\/users\/2"}],"replies":[{"embeddable":true,"href":"https:\/\/www.europesays.com\/se\/wp-json\/wp\/v2\/comments?post=29060"}],"version-history":[{"count":0,"href":"https:\/\/www.europesays.com\/se\/wp-json\/wp\/v2\/posts\/29060\/revisions"}],"wp:featuredmedia":[{"embeddable":true,"href":"https:\/\/www.europesays.com\/se\/wp-json\/wp\/v2\/media\/29061"}],"wp:attachment":[{"href":"https:\/\/www.europesays.com\/se\/wp-json\/wp\/v2\/media?parent=29060"}],"wp:term":[{"taxonomy":"category","embeddable":true,"href":"https:\/\/www.europesays.com\/se\/wp-json\/wp\/v2\/categories?post=29060"},{"taxonomy":"post_tag","embeddable":true,"href":"https:\/\/www.europesays.com\/se\/wp-json\/wp\/v2\/tags?post=29060"}],"curies":[{"name":"wp","href":"https:\/\/api.w.org\/{rel}","templated":true}]}}