{"id":290790,"date":"2026-06-29T08:20:17","date_gmt":"2026-06-29T08:20:17","guid":{"rendered":"https:\/\/www.europesays.com\/se\/290790\/"},"modified":"2026-06-29T08:20:17","modified_gmt":"2026-06-29T08:20:17","slug":"rockbjornen-2026-nominerade-artister-och-latar","status":"publish","type":"post","link":"https:\/\/www.europesays.com\/se\/290790\/","title":{"rendered":"Rockbj\u00f6rnen 2026: Nominerade artister och l\u00e5tar"},"content":{"rendered":"<p class=\"boxtextgrotesk-root_baa6 hyperion-css-9w7hvr\">ROCKBJ\u00d6RNEN PRESENTERAS AV<\/p>\n<p><a href=\"https:\/\/www.olw.se\" rel=\"noopener nofollow noreferrer\" class=\"hyperion-css-1r3j8lu\" target=\"_blank\"><img decoding=\"async\" class=\"image-asset hyperion-css-n6kkq1\" data-test-tag=\"image-asset\" src=\"https:\/\/www.europesays.com\/se\/wp-content\/uploads\/2026\/06\/2026olw_logo_rgb-35b35dfd.png\"  alt=\"\"  loading=\"lazy\" fetchpriority=\"auto\" style=\"aspect-ratio:200 \/ 200\"\/><\/a><a href=\"https:\/\/www.olw.se\" rel=\"noopener nofollow noreferrer\" class=\"hyperion-css-llacuh\" target=\"_blank\"><a data-test-tag=\"internal-link\" href=\"https:\/\/www.aftonbladet.se\/av\/stina-dahlgren\" class=\"hyperion-css-13ns1rr\" rel=\"nofollow noopener\" target=\"\" aria-label=\"Se alla artiklar av Stina Dahlgren\"><img decoding=\"async\" class=\"image-asset hyperion-css-n6kkq1\" data-test-tag=\"image-asset\" src=\"https:\/\/www.europesays.com\/se\/wp-content\/uploads\/2026\/06\/1782721215_880_a5192bfe-6b51-4da7-a57e-03de4578b119.png\"  alt=\"\"  loading=\"lazy\" fetchpriority=\"auto\" style=\"aspect-ratio:1900 \/ 1900\"\/><\/a><\/p>\n<p class=\"hyperion-css-1shl3oz\" data-test-tag=\"lead-text\">Svenska folket har sagt sitt. <\/p>\n<p class=\"hyperion-css-1shl3oz\" data-test-tag=\"lead-text\">H\u00e4r \u00e4r alla artister och l\u00e5tar som fansen valt att nominera till Rockbj\u00f6rnen 2026.<\/p>\n<ul class=\"hyperion-css-e9gx76\" data-test-tag=\"list\">\n<li class=\"hyperion-css-1d843yr\">Rockbj\u00f6rnen 2026 g\u00e5r av stapeln den 16 september p\u00e5 Gr\u00f6na Lund, med sju priser baserade p\u00e5 fansens r\u00f6ster.  <\/li>\n<li class=\"hyperion-css-1d843yr\">Felicia och Zara Larsson har tre nomineringar vardera, och Omar Rudberg har tv\u00e5, medan Larssons och Rudbergs fans ocks\u00e5 nominerats i kategorin \u201d\u00c5rets fans\u201d.  <\/li>\n<li class=\"hyperion-css-1d843yr\">R\u00f6stningen p\u00e5g\u00e5r fram till den 28 augusti, och galan kommer att s\u00e4ndas live gemensamt av TV4 och Aftonbladet.  <\/li>\n<\/ul>\n<p>L\u00e4s mer<img decoding=\"async\" src=\"https:\/\/www.europesays.com\/se\/wp-content\/uploads\/2026\/06\/81e69b6fc11386cc9899969380fb1262.jpg\" class=\"thumbnail-image_fbfd thumbnail-portrait_fbfd\" alt=\"Rockbj\u00f6rnen 2026: H\u00e4r \u00e4r \u00e5rets nominerade\"\/><\/p>\n<p>Rockbj\u00f6rnen 2026: H\u00e4r \u00e4r \u00e5rets nominerade<\/p>\n<p>0:42<\/p>\n<p class=\"hyperion-css-1v9qo5x\">Den 16 september ska sju priser delas ut p\u00e5 Rockbj\u00f6rnen. Galan g\u00e5r av stapeln p\u00e5 Gr\u00f6na Lund, och det \u00e4r fansen som best\u00e4mmer allt. <\/p>\n<p class=\"hyperion-css-1v9qo5x\">Nu har de r\u00f6stat fram vilka som \u00e4r nominerade i respektive kategori. <\/p>\n<p class=\"hyperion-css-1v9qo5x\"><strong>Felicia<\/strong> och <a data-test-tag=\"internal-link\" href=\"https:\/\/www.aftonbladet.se\/tagg\/zara-larsson\" class=\"hyperion-css-15jkft9\" rel=\"nofollow noopener\" target=\"\" theme=\"entertainment\"><strong>Zara Larsson<\/strong><\/a> har tre nomineringar var, medan <a data-test-tag=\"internal-link\" href=\"https:\/\/www.aftonbladet.se\/tagg\/omar-rudberg\" class=\"hyperion-css-15jkft9\" rel=\"nofollow noopener\" target=\"\" theme=\"entertainment\"><strong>Omar Rudberg<\/strong><\/a> har tv\u00e5. Larssons och Rudbergs fans \u00e4r \u00e4ven nominerade i kategorin \u201d\u00c5rets fans\u201d. <\/p>\n<p>expand-left<\/p>\n<p>helsk\u00e4rm<img decoding=\"async\" class=\"image-asset hyperion-css-u06ts1\" data-test-tag=\"image-asset\" src=\"https:\/\/www.europesays.com\/se\/wp-content\/uploads\/2026\/06\/6e1faa6f-3dc7-3c17-9cfd-36a354804041.jpeg\"  alt=\"Felicia \u00e4r nominerad i tre kategorier.\"  loading=\"eager\" fetchpriority=\"high\" style=\"aspect-ratio:1900 \/ 1315\"\/>Felicia \u00e4r nominerad i tre kategorier. Foto: Filip Meneses<\/p>\n<p>expand-left<\/p>\n<p>helsk\u00e4rm<img decoding=\"async\" class=\"image-asset hyperion-css-u06ts1\" data-test-tag=\"image-asset\" src=\"https:\/\/www.europesays.com\/se\/wp-content\/uploads\/2026\/06\/c2b6ad62-3cb3-33b8-8cbc-b42d1c5c8f46.jpeg\"  alt=\"\u00c4ven Zara Larsson \u00e4r nominerad i tre kategorier.\"  loading=\"eager\" fetchpriority=\"high\" style=\"aspect-ratio:1900 \/ 1267\"\/>\u00c4ven Zara Larsson \u00e4r nominerad i tre kategorier. Foto: Andreas Bardell<\/p>\n<p class=\"hyperion-css-1v9qo5x\">I \u201d\u00c5rets utl\u00e4ndska l\u00e5t\u201d har flera svenskar smugit sig in. Remixen av \u201dStateside\u201d d\u00e4r Zara Larsson g\u00e4star \u00e4r nominerad, och dessutom har <strong>Minhos<\/strong> \u201dTempo\u201d flera svenska l\u00e5tskrivare i form av <strong>Elias Edman<\/strong>, <strong>Louise Lindberg<\/strong> och <strong>Omar Rudberg<\/strong>. <\/p>\n<p class=\"hyperion-css-1v9qo5x\"><strong>Taylor Swifts<\/strong> \u201dThe Fate of Ophelia\u201d \u00e4r skriven av svenskarna <strong>Max Martin<\/strong> och <strong>Shellback<\/strong>. <\/p>\n<p>expand-left<\/p>\n<p>helsk\u00e4rm<img decoding=\"async\" class=\"image-asset hyperion-css-u06ts1\" data-test-tag=\"image-asset\" src=\"https:\/\/www.europesays.com\/se\/wp-content\/uploads\/2026\/06\/2191da87-fb4d-3183-aaa5-956490caa6d4.jpeg\"  alt=\"Omar Rudberg var galans stora vinnare 2025. \u00c4ven i \u00e5r kan han vinna flera priser.\"  loading=\"eager\" fetchpriority=\"high\" style=\"aspect-ratio:1900 \/ 1267\"\/>Omar Rudberg var galans stora vinnare 2025. \u00c4ven i \u00e5r kan han vinna flera priser. Foto: Peter Wixtr\u00f6m<\/p>\n<p>expand-left<\/p>\n<p>helsk\u00e4rm<img decoding=\"async\" class=\"image-asset hyperion-css-u06ts1\" data-test-tag=\"image-asset\" src=\"https:\/\/www.europesays.com\/se\/wp-content\/uploads\/2026\/06\/4dd2fc86-2b5f-37e9-b54b-3af64f87ca30.jpeg\"  alt=\"Thomas Stenstr\u00f6m \u00e4r nominerad i kategorin \u00c5rets manliga artist.\"  loading=\"eager\" fetchpriority=\"high\" style=\"aspect-ratio:1900 \/ 1313\"\/>Thomas Stenstr\u00f6m \u00e4r nominerad i kategorin \u00c5rets manliga artist. Foto: Patrik C \u00d6sterberg \/ Stella<\/p>\n<p class=\"hyperion-css-1v9qo5x\">H\u00e4r \u00e4r samtliga nominerade, utan inb\u00f6rdes ordning:<\/p>\n<p>Nominerade i \u00c5rets kvinnliga artist<\/p>\n<ul class=\"hyperion-css-e9gx76\" data-test-tag=\"list\">\n<li class=\"hyperion-css-1d843yr\">Zara Larsson<\/li>\n<li class=\"hyperion-css-1d843yr\">Felicia<\/li>\n<li class=\"hyperion-css-1d843yr\">Veronica Maggio<\/li>\n<li class=\"hyperion-css-1d843yr\">Miriam Bryant<\/li>\n<li class=\"hyperion-css-1d843yr\">Molly Sand\u00e9n<\/li>\n<\/ul>\n<p>Nominerade i \u00c5rets manliga artist<\/p>\n<ul class=\"hyperion-css-e9gx76\" data-test-tag=\"list\">\n<li class=\"hyperion-css-1d843yr\">Omar Rudberg<\/li>\n<li class=\"hyperion-css-1d843yr\">Thomas Stenstr\u00f6m<\/li>\n<li class=\"hyperion-css-1d843yr\">Victor Leksell<\/li>\n<li class=\"hyperion-css-1d843yr\">H\u00e5kan Hellstr\u00f6m<\/li>\n<li class=\"hyperion-css-1d843yr\">Darin <\/li>\n<\/ul>\n<p>Nominerade i \u00c5rets grupp<\/p>\n<ul class=\"hyperion-css-e9gx76\" data-test-tag=\"list\">\n<li class=\"hyperion-css-1d843yr\">Hov1<\/li>\n<li class=\"hyperion-css-1d843yr\">Bolaget<\/li>\n<li class=\"hyperion-css-1d843yr\">KAJ<\/li>\n<li class=\"hyperion-css-1d843yr\">Marcus &amp; Martinus<\/li>\n<li class=\"hyperion-css-1d843yr\">Tjuvjakt<\/li>\n<\/ul>\n<p>Nominerade i \u00c5rets genombrott<\/p>\n<ul class=\"hyperion-css-e9gx76\" data-test-tag=\"list\">\n<li class=\"hyperion-css-1d843yr\">Noll2<\/li>\n<li class=\"hyperion-css-1d843yr\">Perla<\/li>\n<li class=\"hyperion-css-1d843yr\">Dante Lindhe<\/li>\n<li class=\"hyperion-css-1d843yr\">Felicia<\/li>\n<li class=\"hyperion-css-1d843yr\">Cimberly <\/li>\n<\/ul>\n<p>Nominerade i \u00c5rets svenska l\u00e5t<\/p>\n<ul class=\"hyperion-css-e9gx76\" data-test-tag=\"list\">\n<li class=\"hyperion-css-1d843yr\">\u201dPuss puss\u201d &#8211; Zara Larsson <\/li>\n<li class=\"hyperion-css-1d843yr\">\u201dRakt in i elden\u201d &#8211; Brandsta City Sl\u00e4ckers<\/li>\n<li class=\"hyperion-css-1d843yr\">\u201dA world like this\u201d &#8211; Omar Rudberg<\/li>\n<li class=\"hyperion-css-1d843yr\">\u201dSuperlim &amp; silvertejp\u201d &#8211; Molly Sand\u00e9n och Miriam Bryant<\/li>\n<li class=\"hyperion-css-1d843yr\">\u201dMy system\u201d &#8211; Felicia<\/li>\n<\/ul>\n<p>Nominerade i \u00c5rets utl\u00e4ndska l\u00e5t<\/p>\n<ul class=\"hyperion-css-e9gx76\" data-test-tag=\"list\">\n<li class=\"hyperion-css-1d843yr\">\u201dWhere is my husband!\u201d &#8211; Raye<\/li>\n<li class=\"hyperion-css-1d843yr\">\u201dTempo\u201d &#8211; Minho<\/li>\n<li class=\"hyperion-css-1d843yr\">\u201dThe Fate of Ophelia\u201d &#8211; Taylor Swift<\/li>\n<li class=\"hyperion-css-1d843yr\">\u201dSwim\u201d &#8211; BTS<\/li>\n<li class=\"hyperion-css-1d843yr\">\u201dStateside + Zara Larsson\u201d &#8211; Pink Pantheress &amp; Zara Larsson<\/li>\n<\/ul>\n<p>Nominerade i \u00c5rets fans<\/p>\n<ul class=\"hyperion-css-e9gx76\" data-test-tag=\"list\">\n<li class=\"hyperion-css-1d843yr\">KAJ fans (Sauna siblings)<\/li>\n<li class=\"hyperion-css-1d843yr\">Hov1 fans<\/li>\n<li class=\"hyperion-css-1d843yr\">Zara Larsson fans (Zluts)<\/li>\n<li class=\"hyperion-css-1d843yr\">BTS fans (Army)<\/li>\n<li class=\"hyperion-css-1d843yr\">Omar Rudberg fans (Omaries)<\/li>\n<\/ul>\n<p class=\"hyperion-css-1v9qo5x\">R\u00f6stningen p\u00e5g\u00e5r fram till den 28 augusti. Det g\u00e5r att r\u00f6sta p\u00e5 din favorit en g\u00e5ng om dagen fram till dess.<\/p>\n<p class=\"hyperion-css-1v9qo5x\">Den 16 september f\u00e5r vi veta vilka som prisas p\u00e5 galan som s\u00e4nds live fr\u00e5n Gr\u00f6na Lund i Stockholm. F\u00f6r f\u00f6rsta g\u00e5ngen kommer musikgalan att <a data-test-tag=\"internal-link\" href=\"https:\/\/www.aftonbladet.se\/nojesbladet\/musik\/rockbjornen\/a\/m0gzal\/aftonbladet-och-tv4-sander-rockbjornen-tillsammans-2026\" class=\"hyperion-css-15jkft9\" rel=\"nofollow noopener\" target=\"\" aria-label=\"s\u00e4ndas gemensamt p\u00e5 b\u00e5de TV4 och Aftonbladet\" theme=\"entertainment\">s\u00e4ndas gemensamt p\u00e5 b\u00e5de TV4 och Aftonbladet<\/a>.<\/p>\n<p class=\"hyperion-css-1v9qo5x\"><a data-test-tag=\"internal-link\" href=\"https:\/\/www.aftonbladet.se\/nojesbladet\/musik\/rockbjornen\/a\/n1vgGn\/rockbjornen-2026-datum-programledare-och-artister\" class=\"hyperion-css-15jkft9\" rel=\"nofollow noopener\" target=\"\" aria-label=\"H\u00e4r kan du l\u00e4sa allt om Rockbj\u00f6rnen 2026\" theme=\"entertainment\">H\u00e4r kan du l\u00e4sa allt om Rockbj\u00f6rnen 2026<\/a>. <\/p>\n<p>FAKTADatum f\u00f6r Rockbj\u00f6rnen 2026<\/p>\n<p class=\"hyperion-css-jonaf8\"><strong>1 juni-22 juni:<\/strong> R\u00f6sta p\u00e5 vilka du vill ska bli nominerade.<\/p>\n<p class=\"hyperion-css-jonaf8\"><strong>29 juni:<\/strong> Aftonbladet presenterar vilka som blivit nominerade i alla kategorier.<\/p>\n<p class=\"hyperion-css-jonaf8\"><strong>29 juni-28 augusti:<\/strong> R\u00f6sta p\u00e5 vem du vill ska vinna en Rockbj\u00f6rn i varje kategori.<\/p>\n<p class=\"hyperion-css-jonaf8\"><strong>16 september:<\/strong> Vinnarna presenteras p\u00e5 Gr\u00f6na Lund i Stockholm.<\/p>\n<p>L\u00e4s mer<img decoding=\"async\" class=\"image-asset hyperion-css-u06ts1\" data-test-tag=\"image-asset\" src=\"https:\/\/www.europesays.com\/se\/wp-content\/uploads\/2026\/06\/1782721217_616_368e47c8-5384-38dd-af81-55a3e10fcfe6.jpeg\"  alt=\"\"  loading=\"eager\" fetchpriority=\"high\" style=\"aspect-ratio:1436 \/ 117\"\/>FAKTARockbj\u00f6rnen 2026<\/p>\n<p class=\"hyperion-css-jonaf8\"><strong>VAD:<\/strong>\u00a0Aftonbladets stora musikpris \u2013 Rockbj\u00f6rnen \u2013 instiftades 1979 och \u00e4r det enda musikpris i Sverige d\u00e4r fansen sj\u00e4lva v\u00e4ljer vem som vinner.<\/p>\n<p class=\"hyperion-css-jonaf8\"><strong>N\u00c4R:<\/strong>\u00a016 september.<\/p>\n<p class=\"hyperion-css-jonaf8\"><strong>VAR:<\/strong>\u00a0Gr\u00f6na Lunds Stora scen.<\/p>\n<p class=\"hyperion-css-jonaf8\"><strong>VILKA:<\/strong> Katia Mosally och Pontus Bjernekull M\u00f6rner leder galan.<\/p>\n<p class=\"hyperion-css-jonaf8\"><strong>HUR: <\/strong>K\u00f6p din biljett via <a aria-label=\"Gr\u00f6na Lunds hemsida\" class=\"entertainment hyperion-css-15jkft9\" href=\"https:\/\/www.gronalund.com\/biljetter\/rockbjornen\" rel=\"noopener nofollow noreferrer\" data-test-tag=\"external-link\" target=\"_blank\">Gr\u00f6na Lunds hemsida<\/a> fr\u00e5n den 26 maj.<\/p>\n<p class=\"hyperion-css-jonaf8\">F\u00f6r att f\u00e5 reda p\u00e5 vilka artister som ska upptr\u00e4da och annat om galan  \u2013 f\u00f6lj Aftonbladet n\u00f6je p\u00e5\u00a0<a aria-label=\"Instagram\" class=\"entertainment hyperion-css-15jkft9\" href=\"https:\/\/www.instagram.com\/aftonbladetnoje\/\" rel=\"noopener nofollow noreferrer\" data-test-tag=\"external-link\" target=\"_blank\">Instagram<\/a> och <a aria-label=\"TikTok\" class=\"entertainment hyperion-css-15jkft9\" href=\"https:\/\/www.tiktok.com\/@aftonbladetnoje\" rel=\"noopener nofollow noreferrer\" data-test-tag=\"external-link\" target=\"_blank\">TikTok<\/a>.<\/p>\n<p>L\u00e4s mer<\/p>\n<p>expand-left<\/p>\n<p>helsk\u00e4rm<img decoding=\"async\" class=\"image-asset hyperion-css-u06ts1\" data-test-tag=\"image-asset\" src=\"https:\/\/www.europesays.com\/se\/wp-content\/uploads\/2026\/06\/671c2800-12d9-34e7-84db-6c8703359973.jpeg\"  alt=\"Katia Mosally och Pontus Bjernekull M\u00f6rner \u00e4r programledare f\u00f6r Rockbj\u00f6rnen 2026.\"  loading=\"eager\" fetchpriority=\"high\" style=\"aspect-ratio:1900 \/ 1267\"\/>Katia Mosally och Pontus Bjernekull M\u00f6rner \u00e4r programledare f\u00f6r Rockbj\u00f6rnen 2026. Foto: Bj\u00f6rn Lindahl<script async src=\"\/\/www.instagram.com\/embed.js\"><\/script><script async src=\"\/\/www.tiktok.com\/embed.js\"><\/script><\/p>\n","protected":false},"excerpt":{"rendered":"ROCKBJ\u00d6RNEN PRESENTERAS AV Svenska folket har sagt sitt. H\u00e4r \u00e4r alla artister och l\u00e5tar som fansen valt att&hellip;\n","protected":false},"author":2,"featured_media":290791,"comment_status":"","ping_status":"","sticky":false,"template":"","format":"standard","meta":{"footnotes":"","_share_on_mastodon":"0"},"categories":[67],"tags":[104,34,31,33,32,30,105],"class_list":["post-290790","post","type-post","status-publish","format-standard","has-post-thumbnail","category-underhallning","tag-entertainment","tag-se","tag-svenska","tag-sverige","tag-sweden","tag-swedish","tag-underhallning"],"share_on_mastodon":{"url":"https:\/\/pubeurope.com\/@se\/116832425350270688","error":""},"_links":{"self":[{"href":"https:\/\/www.europesays.com\/se\/wp-json\/wp\/v2\/posts\/290790","targetHints":{"allow":["GET"]}}],"collection":[{"href":"https:\/\/www.europesays.com\/se\/wp-json\/wp\/v2\/posts"}],"about":[{"href":"https:\/\/www.europesays.com\/se\/wp-json\/wp\/v2\/types\/post"}],"author":[{"embeddable":true,"href":"https:\/\/www.europesays.com\/se\/wp-json\/wp\/v2\/users\/2"}],"replies":[{"embeddable":true,"href":"https:\/\/www.europesays.com\/se\/wp-json\/wp\/v2\/comments?post=290790"}],"version-history":[{"count":0,"href":"https:\/\/www.europesays.com\/se\/wp-json\/wp\/v2\/posts\/290790\/revisions"}],"wp:featuredmedia":[{"embeddable":true,"href":"https:\/\/www.europesays.com\/se\/wp-json\/wp\/v2\/media\/290791"}],"wp:attachment":[{"href":"https:\/\/www.europesays.com\/se\/wp-json\/wp\/v2\/media?parent=290790"}],"wp:term":[{"taxonomy":"category","embeddable":true,"href":"https:\/\/www.europesays.com\/se\/wp-json\/wp\/v2\/categories?post=290790"},{"taxonomy":"post_tag","embeddable":true,"href":"https:\/\/www.europesays.com\/se\/wp-json\/wp\/v2\/tags?post=290790"}],"curies":[{"name":"wp","href":"https:\/\/api.w.org\/{rel}","templated":true}]}}