{"id":290972,"date":"2026-06-29T11:00:21","date_gmt":"2026-06-29T11:00:21","guid":{"rendered":"https:\/\/www.europesays.com\/se\/290972\/"},"modified":"2026-06-29T11:00:21","modified_gmt":"2026-06-29T11:00:21","slug":"uruguay-blev-blkasta-pa-hemresan-efter-vm-fiaskot","status":"publish","type":"post","link":"https:\/\/www.europesays.com\/se\/290972\/","title":{"rendered":"Uruguay blev blk\u00e5sta p\u00e5 hemresan efter VM-fiaskot"},"content":{"rendered":"<p> <img alt=\"Uruguay f\u00f6rblev segerl\u00f6sa i VM. Arkivbild.\" class=\"_image_1jxax_84 layout-component layout-wide\" data-fullscreen- data-track-element-type=\"Article image fullscreen\" data-track-name=\"ImageFullscreen\" fetchpriority=\"high\" decoding=\"sync\" loading=\"eager\" height=\"2917\" itemprop=\"image\"  src=\"https:\/\/www.europesays.com\/se\/wp-content\/uploads\/2026\/06\/d6bc9765-9008-30b4-9282-ea11341afa4a.jpeg\"  style=\"object-position:0% 0%\" width=\"4376\"\/>Uruguay f\u00f6rblev segerl\u00f6sa i VM. Arkivbild.  Foto: Natacha Pisarenko\/AP\/TTVisa mer<\/p>\n<p class=\"_textTheme_zldsx_1 _lead_16k26_2 _lead_3ue4t_18 layout-component layout-normal layout-padded _lead_o6m9k_5 _leadTheme_1q6sv_1 body-large bold\">Uruguay \u00e5kte \u00f6verraskande ut redan i VM:s gruppspel. Som ett svar p\u00e5 fiaskot bokade det uruguayanska fotbollsf\u00f6rbundet av flyget hem.<\/p>\n<p class=\"_textTheme_zldsx_1 _paragraph_16k26_4 _paragraph_3ue4t_27 layout-component layout-normal layout-padded body-medium\">1\u20131 mot Saudiarabien, 2\u20132 mot Kap Verde och 0\u20131 mot Spanien blev Uruguays dystra resultatrad i VM.<\/p>\n<p class=\"_textTheme_zldsx_1 _paragraph_16k26_4 _paragraph_3ue4t_27 layout-component layout-normal layout-padded body-medium\">Enligt Japan Times rapporterar flera uruguayanska medier att spelartruppen inte fick hj\u00e4lp av det egna f\u00f6rbundet att ta sig hem till Uruguay. Det chartrade plan som skulle ta dem fr\u00e5n basen i Playa del Carmen, Mexiko, till den uruguayanska huvudstaden Montevideo bokades av. I st\u00e4llet fick spelarna l\u00f6sa hemresorna sj\u00e4lva.<\/p>\n<p class=\"_textTheme_zldsx_1 _paragraph_16k26_4 _paragraph_3ue4t_27 layout-component layout-normal layout-padded body-medium\">Efter Uruguays f\u00f6rlust mot Spanien var besvikelsen stor hos de uruguayanska spelarna.<\/p>\n<p class=\"_textTheme_zldsx_1 _paragraph_16k26_4 _paragraph_3ue4t_27 layout-component layout-normal layout-padded body-medium\">\u2013 Sm\u00e4rtan \u00e4r enorm, k\u00e4nslan just nu \u00e4r en djupg\u00e5ende sorg, sade Jose Maria Gimenez i en intervju efter matchen.<\/p>\n","protected":false},"excerpt":{"rendered":"Uruguay f\u00f6rblev segerl\u00f6sa i VM. Arkivbild. Foto: Natacha Pisarenko\/AP\/TTVisa mer Uruguay \u00e5kte \u00f6verraskande ut redan i VM:s gruppspel.&hellip;\n","protected":false},"author":2,"featured_media":290973,"comment_status":"","ping_status":"","sticky":false,"template":"","format":"standard","meta":{"footnotes":"","_share_on_mastodon":"0"},"categories":[68],"tags":[26731,34,111,110,31,33,32,30,26730],"class_list":["post-290972","post","type-post","status-publish","format-standard","has-post-thumbnail","category-sport","tag-montevideo","tag-se","tag-sport","tag-sports","tag-svenska","tag-sverige","tag-sweden","tag-swedish","tag-uruguay"],"share_on_mastodon":{"url":"https:\/\/pubeurope.com\/@se\/116833054422718447","error":""},"_links":{"self":[{"href":"https:\/\/www.europesays.com\/se\/wp-json\/wp\/v2\/posts\/290972","targetHints":{"allow":["GET"]}}],"collection":[{"href":"https:\/\/www.europesays.com\/se\/wp-json\/wp\/v2\/posts"}],"about":[{"href":"https:\/\/www.europesays.com\/se\/wp-json\/wp\/v2\/types\/post"}],"author":[{"embeddable":true,"href":"https:\/\/www.europesays.com\/se\/wp-json\/wp\/v2\/users\/2"}],"replies":[{"embeddable":true,"href":"https:\/\/www.europesays.com\/se\/wp-json\/wp\/v2\/comments?post=290972"}],"version-history":[{"count":0,"href":"https:\/\/www.europesays.com\/se\/wp-json\/wp\/v2\/posts\/290972\/revisions"}],"wp:featuredmedia":[{"embeddable":true,"href":"https:\/\/www.europesays.com\/se\/wp-json\/wp\/v2\/media\/290973"}],"wp:attachment":[{"href":"https:\/\/www.europesays.com\/se\/wp-json\/wp\/v2\/media?parent=290972"}],"wp:term":[{"taxonomy":"category","embeddable":true,"href":"https:\/\/www.europesays.com\/se\/wp-json\/wp\/v2\/categories?post=290972"},{"taxonomy":"post_tag","embeddable":true,"href":"https:\/\/www.europesays.com\/se\/wp-json\/wp\/v2\/tags?post=290972"}],"curies":[{"name":"wp","href":"https:\/\/api.w.org\/{rel}","templated":true}]}}