{"id":291142,"date":"2026-06-29T13:48:12","date_gmt":"2026-06-29T13:48:12","guid":{"rendered":"https:\/\/www.europesays.com\/se\/291142\/"},"modified":"2026-06-29T13:48:12","modified_gmt":"2026-06-29T13:48:12","slug":"mokhtar-darabi-38-doms-for-mord-pa-kvinna-i-karlskrona-krim","status":"publish","type":"post","link":"https:\/\/www.europesays.com\/se\/291142\/","title":{"rendered":"Mokhtar Darabi, 38, d\u00f6ms f\u00f6r mord p\u00e5 kvinna i Karlskrona | Krim"},"content":{"rendered":"<p>Uppdaterad 29 jun 2026 kl 15.19Publicerad 29 jun 2026 kl 14.11<\/p>\n<p>Mokhtar Darabi, 38, hade kontaktf\u00f6rbud mot en ukrainsk kvinna han tidigare haft en relation med.<\/p>\n<p>Han br\u00f6t mot det n\u00e4r han m\u00f6rdade henne.<\/p>\n<p>Nu d\u00f6ms han till livstids f\u00e4ngelse efter knivd\u00e5det i Karlskrona i fjol.\u00a0<\/p>\n<p>Senaste nyhetsklippen fr\u00e5n Expressen.<img   alt=\"\"\/><\/p>\n<p>Mokhtar Darabi, 38, d\u00f6ms.<\/p>\n<p>Foto: Polisen<\/p>\n<p>\u00d6ppna bild i helsk\u00e4rm<img loading=\"lazy\"   alt=\"\"\/><\/p>\n<p>Polisen p\u00e5 plats efter mordet.<\/p>\n<p>Foto: MAGNUS LEJHALL<\/p>\n<p>\u00d6ppna bild i helsk\u00e4rm<\/p>\n<p>En novemberf\u00f6rmiddag i fjol larmades polisen till omr\u00e5det Galgamarken i <a href=\"https:\/\/www.expressen.se\/tagg\/location\/karlskrona\/\" class=\"\" rel=\"nofollow noopener\" target=\"_blank\">Karlskrona<\/a>, efter att en kvinna i 50-\u00e5rs\u00e5ldern hittats sv\u00e5rt knivskuren p\u00e5 marken. Hon dog av sina skador.<\/p>\n<p>P\u00e5 platsen befann sig Mokhtar Darabi. Han greps direkt, misst\u00e4nkt f\u00f6r mord. Han hade d\u00e5 knivhuggit kvinnan flera g\u00e5nger i huvudet, halsen och b\u00e5len.<\/p>\n<p>P\u00e5 m\u00e5ndagen meddelar Blekinge tingsr\u00e4tt att Darabi d\u00f6ms till livstids f\u00e4ngelse och utvisning, skyldig till mordet. I domen skriver tingsr\u00e4tten att g\u00e4rningen har \u201dkarakt\u00e4riserats av brutalitet\u201d och \u201ddrag av en ren avr\u00e4ttning\u201d.\u00a0<\/p>\n<p>Hade kontaktf\u00f6rbud\u00a0<\/p>\n<p>Darabi och den m\u00f6rdade kvinnan hade tidigare haft en relation, och han hade varit misst\u00e4nkt f\u00f6r flera brott mot henne. Bland annat r\u00f6rde det sig om misshandel, hemfridsbrott och ofredande.<\/p>\n<p>I och med det hade han f\u00e5tt ett kontaktf\u00f6rbud utf\u00e4rdat mot sig s\u00e5 sent som i oktober.<\/p>\n<p>Kvinnan hade flytt till Sverige fr\u00e5n kriget i Ukraina.<\/p>\n<p>Riktade kniv mot vittne<\/p>\n<p>Flera personer ska ha blivit vittnen till mordet. Ett av vittnena f\u00f6rs\u00f6kte stoppa g\u00e4rningen men fick d\u00e5 en kniv riktad mot sig av Mokhtar Darabi, enligt \u00e5talet. Darabi d\u00f6ms d\u00e4rf\u00f6r ocks\u00e5 f\u00f6r grovt olaga hot, samt f\u00f6r att ha \u00f6vertr\u00e4tt kontaktf\u00f6rbudet.<\/p>\n<p>Delar av h\u00e4ndelsef\u00f6rloppet har ocks\u00e5 f\u00e5ngats p\u00e5 film, vilket har anv\u00e4nts i \u00e5klagarens bevisning.<\/p>\n<p>Darabi erk\u00e4nde brott strax efter h\u00e4ndelsen, men har senare dragit tillbaka sitt erk\u00e4nnande. Han har sagt att han har minnesluckor fr\u00e5n mordet, och att han inte planerade att m\u00f6rda kvinnan. Det menar dock tingsr\u00e4tten inte st\u00e4mmer. I domslutet skriver man att mordet har f\u00f6reg\u00e5tts av planering.\u00a0<\/p>\n","protected":false},"excerpt":{"rendered":"Uppdaterad 29 jun 2026 kl 15.19Publicerad 29 jun 2026 kl 14.11 Mokhtar Darabi, 38, hade kontaktf\u00f6rbud mot en&hellip;\n","protected":false},"author":2,"featured_media":291143,"comment_status":"","ping_status":"","sticky":false,"template":"","format":"standard","meta":{"footnotes":"","_share_on_mastodon":"0"},"categories":[5],"tags":[22,23,26,27,17,21,24,25,1570,28,29,15,16,18,34,666,31,33,32,30,19,136,436,20],"class_list":["post-291142","post","type-post","status-publish","format-standard","has-post-thumbnail","category-rubriker","tag-breaking-news","tag-breakingnews","tag-featured-news","tag-featurednews","tag-headlines","tag-huvudnyheter","tag-latest-news","tag-latestnews","tag-location-karlskrona","tag-main-news","tag-mainnews","tag-news","tag-nyheter","tag-rubriker","tag-se","tag-sections-krim","tag-svenska","tag-sverige","tag-sweden","tag-swedish","tag-top-stories","tag-topic-rattegangar-domar","tag-topic-valdsbrott-mord","tag-topstories"],"share_on_mastodon":{"url":"https:\/\/pubeurope.com\/@se\/116833714687502742","error":""},"_links":{"self":[{"href":"https:\/\/www.europesays.com\/se\/wp-json\/wp\/v2\/posts\/291142","targetHints":{"allow":["GET"]}}],"collection":[{"href":"https:\/\/www.europesays.com\/se\/wp-json\/wp\/v2\/posts"}],"about":[{"href":"https:\/\/www.europesays.com\/se\/wp-json\/wp\/v2\/types\/post"}],"author":[{"embeddable":true,"href":"https:\/\/www.europesays.com\/se\/wp-json\/wp\/v2\/users\/2"}],"replies":[{"embeddable":true,"href":"https:\/\/www.europesays.com\/se\/wp-json\/wp\/v2\/comments?post=291142"}],"version-history":[{"count":0,"href":"https:\/\/www.europesays.com\/se\/wp-json\/wp\/v2\/posts\/291142\/revisions"}],"wp:featuredmedia":[{"embeddable":true,"href":"https:\/\/www.europesays.com\/se\/wp-json\/wp\/v2\/media\/291143"}],"wp:attachment":[{"href":"https:\/\/www.europesays.com\/se\/wp-json\/wp\/v2\/media?parent=291142"}],"wp:term":[{"taxonomy":"category","embeddable":true,"href":"https:\/\/www.europesays.com\/se\/wp-json\/wp\/v2\/categories?post=291142"},{"taxonomy":"post_tag","embeddable":true,"href":"https:\/\/www.europesays.com\/se\/wp-json\/wp\/v2\/tags?post=291142"}],"curies":[{"name":"wp","href":"https:\/\/api.w.org\/{rel}","templated":true}]}}