{"id":291326,"date":"2026-06-29T16:59:19","date_gmt":"2026-06-29T16:59:19","guid":{"rendered":"https:\/\/www.europesays.com\/se\/291326\/"},"modified":"2026-06-29T16:59:19","modified_gmt":"2026-06-29T16:59:19","slug":"pojke-i-goteborg-missade-arskurs-5-kollade-youtube-i-stallet","status":"publish","type":"post","link":"https:\/\/www.europesays.com\/se\/291326\/","title":{"rendered":"Pojke i G\u00f6teborg missade \u00e5rskurs 5 \u2013 kollade Youtube i st\u00e4llet"},"content":{"rendered":"<p>Publicerad 29 jun 2026 kl 18.00<\/p>\n<p>\u00d6ver hundra videoklipp under en och samma lektion ibland.<\/p>\n<p>En pojke p\u00e5 en G\u00f6teborgsskola missade \u00e5rskurs fem \u2013 efter att bland annat ha tittat p\u00e5 Youtube p\u00e5 lektionstid, <a href=\"https:\/\/www.gp.se\/livsstil\/kartlade-sonens-ipad-hade-surfat-bort-arskurs-5.a3a4a198-d191-4b7e-a3ea-fc74c11c29f0\" rel=\"nofollow noopener\" target=\"_blank\">rapporterar G\u00f6teborgs-Posten<\/a>.<\/p>\n<p>Senaste nyhetsklippen fr\u00e5n Expressen.<img   alt=\"\"\/><\/p>\n<p>F\u00f6r\u00e4ldrarna uppt\u00e4ckte vad som p\u00e5gick. Pojken p\u00e5 bilden har inget med fallet att g\u00f6ra.<\/p>\n<p>Foto: Anders Wiklund\/TT \/ TT NYHETSBYR\u00c5N<\/p>\n<p>\u00d6ppna bild i helsk\u00e4rm<\/p>\n<p>\u2013 Jag blir s\u00e5 arg att jag skakar n\u00e4r jag t\u00e4nker p\u00e5 det, s\u00e4ger mamman till <a href=\"https:\/\/www.gp.se\/livsstil\/kartlade-sonens-ipad-hade-surfat-bort-arskurs-5.a3a4a198-d191-4b7e-a3ea-fc74c11c29f0\" rel=\"nofollow noopener\" target=\"_blank\">G\u00f6teborgs-Posten<\/a>.\u00a0<\/p>\n<p>Hennes son till\u00e4ts tillbringa hela lektioner med att spela och kolla p\u00e5 Youtube-klipp p\u00e5 skolans Ipad \u2013 och spolade bort hela \u00e5rskurs fem p\u00e5 en skola i <a href=\"https:\/\/www.expressen.se\/tagg\/location\/goteborg\/\" class=\"\" rel=\"nofollow noopener\" target=\"_blank\">G\u00f6teborg<\/a>.<\/p>\n<p>Artikeln i korthet<\/p>\n<p> En pojke i G\u00f6teborg tittade p\u00e5 Youtube och spelade p\u00e5 skolans Ipad under lektionstid.\u00a0<\/p>\n<p> F\u00f6r\u00e4ldrarna uppt\u00e4ckte omfattningen n\u00e4r de granskade sonens titthistorik.\u00a0<\/p>\n<p> Skolan har nu inf\u00f6rt striktare regler f\u00f6r anv\u00e4ndning av elev-Ipads efter att flera f\u00f6r\u00e4ldrar protesterat.<\/p>\n<p>Visa mer<\/p>\n<p>Det var n\u00e4r f\u00f6r\u00e4ldrarna kartlade sonens titthistorik p\u00e5 \u201dpaddan\u201d som de uppt\u00e4ckte att det p\u00e5g\u00e5tt parallellt med skoldagar och lektioner, skriver tidningen.<\/p>\n<p>En specifik svensklektion stack ut.<\/p>\n<p>\u2013 Vi blev helt illam\u00e5ende n\u00e4r vi s\u00e5g siffrorna, vi trodde inte det var sant. Han har i princip sl\u00f6sat bort hela \u00e5rskurs fem, och det \u00e4r ingen \u00f6verdrift, <a href=\"https:\/\/www.gp.se\/livsstil\/kartlade-sonens-ipad-hade-surfat-bort-arskurs-5.a3a4a198-d191-4b7e-a3ea-fc74c11c29f0\" rel=\"nofollow noopener\" target=\"_blank\">s\u00e4ger pappan till GP<\/a>.<\/p>\n<p><img loading=\"lazy\"   alt=\"\"\/><\/p>\n<p>F\u00f6r\u00e4ldrarna tittade n\u00e4rmare pojkens beteende p\u00e5 Youtube.<\/p>\n<p>Foto: Christina Sundien \/ Scandinav \/ TT NYHETSBYR\u00c5N<\/p>\n<p>\u00d6ppna bild i helsk\u00e4rmKom in p\u00e5 porrsajter<\/p>\n<p>Under lektionen tittade pojken p\u00e5 totalt 125 videoklipp \u2013 p\u00e5 70 minuter. Vid en tyst l\u00e4sning tittade pojken p\u00e5 57 klipp \u2013 p\u00e5 20 minuter.<\/p>\n<p>Det blev helt enkelt ingen l\u00e4sning alls.<\/p>\n<p>Pojken hade \u00e4ven ramlat \u00f6ver sajter med videoklipp om mord samt sexuellt inneh\u00e5ll, <a href=\"https:\/\/www.gp.se\/livsstil\/kartlade-sonens-ipad-hade-surfat-bort-arskurs-5.a3a4a198-d191-4b7e-a3ea-fc74c11c29f0\" rel=\"nofollow noopener\" target=\"_blank\">skriver GP<\/a>. Pappan bes\u00f6kte sj\u00e4lv en av sajterna och kunde d\u00e4r se inneh\u00e5ll med \u201den onanerande man\u201d, och genom en inst\u00e4llning i webbl\u00e4saren gick det \u00e4ven att bes\u00f6ka flera porrsajter, s\u00e4ger han till tidningen.<\/p>\n<p>Drygt 20 f\u00f6r\u00e4ldrar gick sedan ihop och kr\u00e4vde att n\u00e5got skulle g\u00f6ras \u00e5t \u201doreglerad anv\u00e4ndning av elev-Ipads p\u00e5 skolan\u201d, <a href=\"https:\/\/www.gp.se\/livsstil\/kartlade-sonens-ipad-hade-surfat-bort-arskurs-5.a3a4a198-d191-4b7e-a3ea-fc74c11c29f0\" rel=\"nofollow noopener\" target=\"_blank\">skriver GP<\/a>.<\/p>\n<p>Ledningen pekade p\u00e5 att det var ett \u201dindividproblem\u201d och att pojken snarare var beroende \u2013 och familjen uppmanades att byta skola om de \u201dinte gillade att skolan hade en digital profil\u201d.<\/p>\n<p><img loading=\"lazy\"   alt=\"\"\/><\/p>\n<p>Skolan har f\u00f6rsvarat sig \u2013 men ocks\u00e5 f\u00f6r\u00e4ndrats vissa rutiner.<\/p>\n<p>Foto: Anders Wiklund \/ TT NYHETSBYR\u00c5N<\/p>\n<p>\u00d6ppna bild i helsk\u00e4rmSkolans svar<\/p>\n<p>Hemma har familjen strikta regler kring sk\u00e4rmtid, enligt mamman.<\/p>\n<p>P\u00e5 fr\u00e5gan om de, som f\u00f6r\u00e4ldrar, inte har ett ansvar att s\u00e4ga \u00e5t sonen att inte anv\u00e4nda sin Ipad utanf\u00f6r skoltid, s\u00e4ger hon till GP att \u201ddet har vi sj\u00e4lvklart gjort, upprepade g\u00e5nger\u201d men att de inte kan h\u00e5lla koll under skoltid, och att appar som inte r\u00f6r skolarbetet borde vara blockade.<\/p>\n<p>\u2013 Och s\u00e5 f\u00e5r pedagogen l\u00e5sa upp tillf\u00e4lligt i de fall de beh\u00f6ver \u00e5tkomst till Youtube exempelvis. Men de delar bara ut de h\u00e4r dopaminmaskinerna som inte ens vi vuxna kan hantera och l\u00e4gger allt ansvar p\u00e5 sm\u00e5 barn att sj\u00e4lva st\u00e5 emot, <a href=\"https:\/\/www.gp.se\/livsstil\/kartlade-sonens-ipad-hade-surfat-bort-arskurs-5.a3a4a198-d191-4b7e-a3ea-fc74c11c29f0\" rel=\"nofollow noopener\" target=\"_blank\">s\u00e4ger hon till GP<\/a>.<\/p>\n<p>Skolan menar att saken \u00e4r utagerad.<\/p>\n<p>Rektorn s\u00e4ger till GP att man \u201dhar tagit situationen p\u00e5 st\u00f6rsta allvar\u201d och rutiner har justerats. Elever m\u00e5ste nu \u00f6verl\u00e4mna sin Ipad under raster och de har, genom ett s\u00e4rskilt filter, inte l\u00e4ngre tillg\u00e5ng till exempelvis Youtube.<\/p>\n<p>Flera f\u00f6r\u00e4ldrar har nu placerat sina barn p\u00e5 andra skolor, <a href=\"https:\/\/www.gp.se\/livsstil\/kartlade-sonens-ipad-hade-surfat-bort-arskurs-5.a3a4a198-d191-4b7e-a3ea-fc74c11c29f0\" rel=\"nofollow noopener\" target=\"_blank\">skriver GP<\/a>.<\/p>\n<p><strong>L\u00c4S MER: <\/strong><a href=\"https:\/\/www.expressen.se\/nyheter\/sverige\/17-arig-elev-atalas-at-ratt--kott-och-drack-blod-pa-skola\/\" class=\"\" rel=\"nofollow noopener\" target=\"_blank\">17-\u00e5rig elev i V\u00e4rmland \u00e5talas \u2013 \u00e5t r\u00e5tt k\u00f6tt och drack blod p\u00e5 skola<\/a><strong>L\u00c4S MER: <\/strong><a href=\"https:\/\/www.expressen.se\/nyheter\/sverige\/lararen-i-smalands-skamt-om-att-doda-elev-nu-slapp-jag-doda\/\" class=\"\" rel=\"nofollow noopener\" target=\"_blank\">L\u00e4raren i Sm\u00e5lands sk\u00e4mt om att d\u00f6da elev: \u201dNu slapp jag d\u00f6da\u201d<\/a><strong>L\u00c4S MER: <\/strong><a href=\"https:\/\/www.expressen.se\/nyheter\/sverige\/natali-24-slutade-pa-jobbet-fick-elakt-brev-av-kollegerna\/\" class=\"\" rel=\"nofollow noopener\" target=\"_blank\">Elevassistenten Natali, 24, slutade \u2013 elaka brevet fr\u00e5n kollegerna<\/a><strong>L\u00c4S MER: <\/strong><a href=\"https:\/\/www.expressen.se\/nyheter\/12-arig-flicka-riskerar-straff-efter-att-ha-blivit-kontaktad-av-misstankt-pedofil\/\" class=\"\" rel=\"nofollow noopener\" target=\"_blank\">12-\u00e5rig flicka riskerar straff \u2013 efter att ha blivit kontaktad av misst\u00e4nkt pedofil<\/a><\/p>\n","protected":false},"excerpt":{"rendered":"Publicerad 29 jun 2026 kl 18.00 \u00d6ver hundra videoklipp under en och samma lektion ibland. En pojke p\u00e5&hellip;\n","protected":false},"author":2,"featured_media":291327,"comment_status":"","ping_status":"","sticky":false,"template":"","format":"standard","meta":{"footnotes":"","_share_on_mastodon":"0"},"categories":[12],"tags":[22,23,26,27,17,21,24,25,239,28,29,15,16,4112,26810,26809,11395,759,18,34,154,31,33,32,30,19,534,652,18429,6368,966,20],"class_list":["post-291326","post","type-post","status-publish","format-standard","has-post-thumbnail","category-sverige","tag-breaking-news","tag-breakingnews","tag-featured-news","tag-featurednews","tag-headlines","tag-huvudnyheter","tag-latest-news","tag-latestnews","tag-location-goteborg","tag-main-news","tag-mainnews","tag-news","tag-nyheter","tag-organization-goteborgs-posten","tag-organization-kommunfullmaktige","tag-organization-roblox","tag-organization-skolinspektionen","tag-organization-youtube","tag-rubriker","tag-se","tag-sections-sverige","tag-svenska","tag-sverige","tag-sweden","tag-swedish","tag-top-stories","tag-topic-foraldraskap","tag-topic-skola-utbildning","tag-topic-skolpolitik","tag-topic-skolval","tag-topic-sociala-medier","tag-topstories"],"share_on_mastodon":{"url":"","error":"Validation failed: Text character limit of 500 exceeded"},"_links":{"self":[{"href":"https:\/\/www.europesays.com\/se\/wp-json\/wp\/v2\/posts\/291326","targetHints":{"allow":["GET"]}}],"collection":[{"href":"https:\/\/www.europesays.com\/se\/wp-json\/wp\/v2\/posts"}],"about":[{"href":"https:\/\/www.europesays.com\/se\/wp-json\/wp\/v2\/types\/post"}],"author":[{"embeddable":true,"href":"https:\/\/www.europesays.com\/se\/wp-json\/wp\/v2\/users\/2"}],"replies":[{"embeddable":true,"href":"https:\/\/www.europesays.com\/se\/wp-json\/wp\/v2\/comments?post=291326"}],"version-history":[{"count":0,"href":"https:\/\/www.europesays.com\/se\/wp-json\/wp\/v2\/posts\/291326\/revisions"}],"wp:featuredmedia":[{"embeddable":true,"href":"https:\/\/www.europesays.com\/se\/wp-json\/wp\/v2\/media\/291327"}],"wp:attachment":[{"href":"https:\/\/www.europesays.com\/se\/wp-json\/wp\/v2\/media?parent=291326"}],"wp:term":[{"taxonomy":"category","embeddable":true,"href":"https:\/\/www.europesays.com\/se\/wp-json\/wp\/v2\/categories?post=291326"},{"taxonomy":"post_tag","embeddable":true,"href":"https:\/\/www.europesays.com\/se\/wp-json\/wp\/v2\/tags?post=291326"}],"curies":[{"name":"wp","href":"https:\/\/api.w.org\/{rel}","templated":true}]}}