{"id":291538,"date":"2026-06-29T22:56:12","date_gmt":"2026-06-29T22:56:12","guid":{"rendered":"https:\/\/www.europesays.com\/se\/291538\/"},"modified":"2026-06-29T22:56:12","modified_gmt":"2026-06-29T22:56:12","slug":"polisens-gata-langman-hittad-dod-pa-o","status":"publish","type":"post","link":"https:\/\/www.europesays.com\/se\/291538\/","title":{"rendered":"Polisens g\u00e5ta: L\u00e5ng\nman hittad d\u00f6d p\u00e5 \u00f6"},"content":{"rendered":"<p>Uppdaterad 29 jun 2026 kl 23.22Publicerad 29 jun 2026 kl 22.22<\/p>\n<p>De var n\u00e4stan klara f\u00f6r dagen.\u00a0<\/p>\n<p>Sedan gjorde volont\u00e4rerna som st\u00e4dade str\u00e4nder p\u00e5 den obebodda \u00f6n i Lofoten en fasansfull uppt\u00e4ckt.\u00a0<\/p>\n<p>En tv\u00e5 meter l\u00e5ng man med skostorlek 48 l\u00e5g d\u00f6d vid strandkanten.\u00a0<\/p>\n<p>Polisen vet inte vem han var eller hur han hamnade p\u00e5 \u00f6n.\u00a0<\/p>\n<p>Senaste nyhetsklippen fr\u00e5n Expressen.<img   alt=\"\"\/><\/p>\n<p>Mannen hade skostorlek 48.<\/p>\n<p>Foto: Norska polisen<\/p>\n<p>\u00d6ppna bild i helsk\u00e4rm<\/p>\n<p>Den 12 juni var en grupp volont\u00e4rer ute och st\u00e4dade str\u00e4nder p\u00e5 den obebodda \u00f6n Mosken i Lofoten i <a href=\"https:\/\/www.expressen.se\/tagg\/location\/norge\/\" class=\"\" rel=\"nofollow noopener\" target=\"_blank\">Norge<\/a>. De hade n\u00e4stan st\u00e4dat hela strandlinjen n\u00e4r de fick syn p\u00e5 en d\u00f6d man vid strandkanten.\u00a0<\/p>\n<p>\u2013 Det var en brutal upplevelse. Hela teamet har p\u00e5verkats, har Rolf-\u00d8rjan H\u00f8gset, ledare f\u00f6r strandst\u00e4darorganisationen, ber\u00e4ttat f\u00f6r <a href=\"https:\/\/www.nrk.no\/nordland\/dod-person-funnen-pa-mosken-i-vaeroy-kommune-i-lofoten-under-strandrydding-1.17920013\" rel=\"nofollow noopener\" target=\"_blank\">NRK. <\/a>\u00a0<\/p>\n<p>Polisen misst\u00e4nker att mannen dog en till fyra veckor innan han hittades. Hans identitet \u00e4r dock fortfarande ok\u00e4nd.\u00a0<\/p>\n<p>\u201dHittills har polisen inte funnit n\u00e5gra sp\u00e5r som kan avsl\u00f6ja vem mannen var eller hur han hamnade p\u00e5 \u00f6n Mosken\u201d, skriver polisen p\u00e5 sin hemsida.\u00a0<\/p>\n<p><img loading=\"lazy\"   alt=\"\"\/><\/p>\n<p>Karta \u00f6ver den obebodda \u00f6n Mosken.<\/p>\n<p>Foto: Norska polisen<\/p>\n<p>\u00d6ppna bild i helsk\u00e4rmCirka tv\u00e5 meter l\u00e5ng<\/p>\n<p>Polisen ber nu om allm\u00e4nhetens hj\u00e4lp och l\u00e4mnar ett par uppgifter om mannen:<\/p>\n<p> Han var cirka tv\u00e5 meter l\u00e5ng och mellan 40 och 60 \u00e5r.\u00a0<\/p>\n<p> Han bar skor i storlek 48 av m\u00e4rket Tommy Hilfiger, bl\u00e5 jeans i storlek 36\/38 och en svart jacka med dragkedja i storlek XXXL av m\u00e4rket Mustang.<\/p>\n<p> Han bar en ring i vitt guld och en klocka med ett svart armband av m\u00e4rket Casio G-Shock.\u00a0<\/p>\n<p><img loading=\"lazy\"   alt=\"\"\/><\/p>\n<p>Han bar en ring i vitt guld.<\/p>\n<p>Foto: Norska polisen<\/p>\n<p>\u00d6ppna bild i helsk\u00e4rmTar internationell hj\u00e4lp<\/p>\n<p>Kroppen har obducerats och polisen har f\u00e5tt en prelimin\u00e4r obduktionsrapport, skriver <a href=\"https:\/\/www.vg.no\/nyheter\/i\/k0mz1v\/mannen-funnet-doed-paa-oey-i-lofoten-er-fortsatt-ikke-identifisert\" rel=\"nofollow noopener\" target=\"_blank\">VG.<\/a> Man v\u00e4ntar dock p\u00e5 den slutgiltiga rapporten.\u00a0<\/p>\n<p>Mannen kan ha varit medborgare i n\u00e5got annat land \u00e4n Norge. Dna-prover har tagits, men identiteten har \u00e4nnu inte kunnat fastst\u00e4llas.<\/p>\n<p>\u2013 Vi har inlett ett internationellt polissamarbete f\u00f6r att se om det kan bidra till att fastst\u00e4lla hans identitet. Vi har mycket begr\u00e4nsad information om mannen och hur han hamnade p\u00e5 Mosken. Vi h\u00e5ller alla m\u00f6jligheter \u00f6ppna, s\u00e4ger J\u00f8rgen Bunck Olsen, \u00e5klagare vid Nordlands polisdistrikt, till VG.<\/p>\n","protected":false},"excerpt":{"rendered":"Uppdaterad 29 jun 2026 kl 23.22Publicerad 29 jun 2026 kl 22.22 De var n\u00e4stan klara f\u00f6r dagen.\u00a0 Sedan&hellip;\n","protected":false},"author":2,"featured_media":291539,"comment_status":"","ping_status":"","sticky":false,"template":"","format":"standard","meta":{"footnotes":"","_share_on_mastodon":"0"},"categories":[14],"tags":[22,23,26,27,17,21,24,25,4438,254,28,29,15,16,18,34,55,31,33,32,30,19,427,20,51,52,53,54],"class_list":["post-291538","post","type-post","status-publish","format-standard","has-post-thumbnail","category-varlden","tag-breaking-news","tag-breakingnews","tag-featured-news","tag-featurednews","tag-headlines","tag-huvudnyheter","tag-latest-news","tag-latestnews","tag-location-lofoten","tag-location-norge","tag-main-news","tag-mainnews","tag-news","tag-nyheter","tag-rubriker","tag-se","tag-sections-varlden","tag-svenska","tag-sverige","tag-sweden","tag-swedish","tag-top-stories","tag-topic-dodsfall","tag-topstories","tag-varlden","tag-world","tag-world-news","tag-worldnews"],"share_on_mastodon":{"url":"https:\/\/pubeurope.com\/@se\/116835869340328776","error":""},"_links":{"self":[{"href":"https:\/\/www.europesays.com\/se\/wp-json\/wp\/v2\/posts\/291538","targetHints":{"allow":["GET"]}}],"collection":[{"href":"https:\/\/www.europesays.com\/se\/wp-json\/wp\/v2\/posts"}],"about":[{"href":"https:\/\/www.europesays.com\/se\/wp-json\/wp\/v2\/types\/post"}],"author":[{"embeddable":true,"href":"https:\/\/www.europesays.com\/se\/wp-json\/wp\/v2\/users\/2"}],"replies":[{"embeddable":true,"href":"https:\/\/www.europesays.com\/se\/wp-json\/wp\/v2\/comments?post=291538"}],"version-history":[{"count":0,"href":"https:\/\/www.europesays.com\/se\/wp-json\/wp\/v2\/posts\/291538\/revisions"}],"wp:featuredmedia":[{"embeddable":true,"href":"https:\/\/www.europesays.com\/se\/wp-json\/wp\/v2\/media\/291539"}],"wp:attachment":[{"href":"https:\/\/www.europesays.com\/se\/wp-json\/wp\/v2\/media?parent=291538"}],"wp:term":[{"taxonomy":"category","embeddable":true,"href":"https:\/\/www.europesays.com\/se\/wp-json\/wp\/v2\/categories?post=291538"},{"taxonomy":"post_tag","embeddable":true,"href":"https:\/\/www.europesays.com\/se\/wp-json\/wp\/v2\/tags?post=291538"}],"curies":[{"name":"wp","href":"https:\/\/api.w.org\/{rel}","templated":true}]}}