{"id":291732,"date":"2026-06-30T06:31:10","date_gmt":"2026-06-30T06:31:10","guid":{"rendered":"https:\/\/www.europesays.com\/se\/291732\/"},"modified":"2026-06-30T06:31:10","modified_gmt":"2026-06-30T06:31:10","slug":"daveigh-chase-dog-av-aids","status":"publish","type":"post","link":"https:\/\/www.europesays.com\/se\/291732\/","title":{"rendered":"Daveigh Chase dog av aids"},"content":{"rendered":"<p>Publicerad 30 jun 2026 kl 08.07<\/p>\n<p>Den amerikanska sk\u00e5despelerskan Daveigh Chase, k\u00e4nd fr\u00e5n bland annat \u201dThe Ring\u201d, dog i mitten av juni.<\/p>\n<p>D\u00f6dsorsaken var aids, rapporterar <a href=\"https:\/\/www.bbc.com\/news\/articles\/cx2xyx1qjnyo\" rel=\"nofollow noopener\" target=\"_blank\">BBC. <\/a>\u00a0<\/p>\n<p>Senaste n\u00f6jesklippen fr\u00e5n Expressen.<img   alt=\"\"\/><\/p>\n<p>Daveigh Chase dog den 16 juni.<\/p>\n<p>Foto: STEWART COOK\/SHUTTERSTOCK \/ SHUTTERSTOCK EDITORIAL\/IBL<\/p>\n<p>\u00d6ppna bild i helsk\u00e4rm<img loading=\"lazy\"   alt=\"\"\/><\/p>\n<p>Daveigh Chase i \u201dThe Ring\u201d.<\/p>\n<p>Foto: \u00a9DreamWorks\/Courtesy Everett Collection \/ TT NYHETSBYR\u00c5N<\/p>\n<p>\u00d6ppna bild i helsk\u00e4rm<\/p>\n<p>Daveigh Chase dog den 16 juni p\u00e5 sjukhus i <a href=\"https:\/\/www.expressen.se\/tagg\/location\/los-angeles\/\" class=\"\" rel=\"nofollow noopener\" target=\"_blank\">Los Angeles<\/a>. Enligt hennes pojkv\u00e4n hade Chase drabbats av hj\u00e4rnhinneinflammation vilket ledde till blodf\u00f6rgiftning.<\/p>\n<p>Nu har det r\u00e4ttsmedicinska institutet i Los Angeles fastst\u00e4llt att Chase var sjuk i aids, vilket ledde till hennes d\u00f6d. R\u00e4ttsl\u00e4karen listar \u00e4ven kroniskt drogmissbruk som en orsak till hennes d\u00f6d, skriver BBC.<\/p>\n<p>Chase slog igenom som barnsk\u00e5despelare och gjorde bland annat r\u00f6sten till Lilo i Disneys succ\u00e9film \u201dLilo &amp; Stitch\u201d. Hon \u00e4r \u00e4ven k\u00e4nd f\u00f6r rollen som Samara Morgan i skr\u00e4ckfilmen \u201dThe Ring\u201d, fr\u00e5n 2002.\u00a0<\/p>\n<p>De sista \u00e5ren i livet levde Daveigh Chase som heml\u00f6s i Los Angeles, enligt vad hennes pappa ber\u00e4ttat f\u00f6r New York Times. Hon blev 35 \u00e5r.\u00a0<\/p>\n","protected":false},"excerpt":{"rendered":"Publicerad 30 jun 2026 kl 08.07 Den amerikanska sk\u00e5despelerskan Daveigh Chase, k\u00e4nd fr\u00e5n bland annat \u201dThe Ring\u201d, dog&hellip;\n","protected":false},"author":2,"featured_media":291733,"comment_status":"","ping_status":"","sticky":false,"template":"","format":"standard","meta":{"footnotes":"","_share_on_mastodon":"0"},"categories":[67],"tags":[104,1997,34,770,31,33,32,30,427,105],"class_list":["post-291732","post","type-post","status-publish","format-standard","has-post-thumbnail","category-underhallning","tag-entertainment","tag-location-los-angeles","tag-se","tag-sections-film","tag-svenska","tag-sverige","tag-sweden","tag-swedish","tag-topic-dodsfall","tag-underhallning"],"share_on_mastodon":{"url":"https:\/\/pubeurope.com\/@se\/116837658412085104","error":""},"_links":{"self":[{"href":"https:\/\/www.europesays.com\/se\/wp-json\/wp\/v2\/posts\/291732","targetHints":{"allow":["GET"]}}],"collection":[{"href":"https:\/\/www.europesays.com\/se\/wp-json\/wp\/v2\/posts"}],"about":[{"href":"https:\/\/www.europesays.com\/se\/wp-json\/wp\/v2\/types\/post"}],"author":[{"embeddable":true,"href":"https:\/\/www.europesays.com\/se\/wp-json\/wp\/v2\/users\/2"}],"replies":[{"embeddable":true,"href":"https:\/\/www.europesays.com\/se\/wp-json\/wp\/v2\/comments?post=291732"}],"version-history":[{"count":0,"href":"https:\/\/www.europesays.com\/se\/wp-json\/wp\/v2\/posts\/291732\/revisions"}],"wp:featuredmedia":[{"embeddable":true,"href":"https:\/\/www.europesays.com\/se\/wp-json\/wp\/v2\/media\/291733"}],"wp:attachment":[{"href":"https:\/\/www.europesays.com\/se\/wp-json\/wp\/v2\/media?parent=291732"}],"wp:term":[{"taxonomy":"category","embeddable":true,"href":"https:\/\/www.europesays.com\/se\/wp-json\/wp\/v2\/categories?post=291732"},{"taxonomy":"post_tag","embeddable":true,"href":"https:\/\/www.europesays.com\/se\/wp-json\/wp\/v2\/tags?post=291732"}],"curies":[{"name":"wp","href":"https:\/\/api.w.org\/{rel}","templated":true}]}}