{"id":29179,"date":"2025-09-13T14:18:16","date_gmt":"2025-09-13T14:18:16","guid":{"rendered":"https:\/\/www.europesays.com\/se\/29179\/"},"modified":"2025-09-13T14:18:16","modified_gmt":"2025-09-13T14:18:16","slug":"speltips-elfsborg-malmo-ff-14-09","status":"publish","type":"post","link":"https:\/\/www.europesays.com\/se\/29179\/","title":{"rendered":"Speltips Elfsborg &#8211; Malm\u00f6 FF 14\/09"},"content":{"rendered":"<p>Malm\u00f6 FF g\u00e4star Elfsborg p\u00e5 s\u00f6ndagen. Mitt speltips: \u00d6ver 1,5 m\u00e5l av Malm\u00f6 FF. Spelet sitter oavsett slutresultat s\u00e5 l\u00e4nge sk\u00e5ningarna g\u00f6r tv\u00e5 m\u00e5l.\u00a0<\/p>\n<p>Intressant match mellan tv\u00e5 lag d\u00e4r det blivit lite rival-feeling senaste s\u00e4songerna. Guldkampen f\u00f6r ett par \u00e5r sedan, cupsemifinaler och en del ordkrig i media. I \u00e5r \u00e4r det h\u00e4r tv\u00e5 allsvenska besvikelser vars m\u00e5l inf\u00f6r avslutningen \u00e4r att spela till sig Europam\u00f6jlighet s\u00e4songen 2026.<\/p>\n<p>Elfsborg tycker jag sett svaga ut egentligen hela s\u00e4songen. Fick med sig en hel del po\u00e4ng under v\u00e5ren, f\u00f6rmodligen fler \u00e4n de f\u00f6rtj\u00e4nade. Det har j\u00e4mnat ut sig en del efter sommaruppeh\u00e5llet. Tv\u00e5 av lagets tre segrar under den perioden kom n\u00e4r de m\u00f6tte Bl\u00e5vitt tv\u00e5 g\u00e5nger p\u00e5 kort tid. Den som s\u00e5g matcherna minns att det lika g\u00e4rna hade kunat vara noll Elfsborgspo\u00e4ng. Omv\u00e4nt kan jag inte komma p\u00e5 s\u00e5 m\u00e5nga matcher d\u00e4r Elfsborg manglat motst\u00e5ndarna och blivit r\u00e5nade. F\u00f6rlorade helt fair hemma mot Halmstad (2-1) och borta mot BP (3-0) f\u00f6re uppeh\u00e5llet. Sl\u00e4ppt in tv\u00e5 eller fler m\u00e5l i hela tolv allsvenska matcher den h\u00e4r s\u00e4songen. 32 insl\u00e4ppta \u00e4r svagt.\u00a0<\/p>\n<p>Positivt f\u00f6r deras del \u00e4r att de har ett bra facit mot Malm\u00f6 p\u00e5 hemmaplan. \u00c4r en av s\u00e4songens tyngre matcher med en hel del publik och yttre faktorer som spelar in. Men jag \u00e4r inne p\u00e5 att bor\u00e5sarna helt enkelt inte \u00e4r tillr\u00e4ckligt bra. S\u00e4songen har varit svag och det \u00e4r m\u00f6jligt att de led av att ha spelat <a href=\"https:\/\/www.rekatochklart.com\/speltips\/europa-league\" rel=\"nofollow noopener\" target=\"_blank\">Europa League<\/a> ifjol, vilket begr\u00e4nsade f\u00f6rs\u00e4songen. Sen har de saknat kravst\u00e4llande rutinerade spelare som Arber Zeneli, Per Frick och Simon Olsson en hel del \u00f6ver s\u00e4songen &#8211; fr\u00e5getecken p\u00e5 samtliga h\u00e4r.\u00a0<br \/>\u00a0<\/p>\n<p>Malm\u00f6 FF \u00e4r s\u00e4songens st\u00f6rsta besvikelse. Talades inf\u00f6r s\u00e4songen att de skulle jogga hem ligan, men det \u00e4r inte l\u00e4tt att ta tre raka guld. Sladdar i <a href=\"https:\/\/www.rekatochklart.com\/speltips\/allsvenskan\" rel=\"nofollow noopener\" target=\"_blank\">Allsvenskan<\/a>, f\u00f6rlorade cupfinalen och \u00e5kte p\u00e5 en rej\u00e4l stj\u00e4rnsm\u00e4ll mot FCK i <a href=\"https:\/\/www.rekatochklart.com\/speltips\/champions-league\" rel=\"nofollow noopener\" target=\"_blank\">Champions League<\/a>. Kanske kan s\u00e4songen r\u00e4ddas en del av Europa League-spelet nu i h\u00f6st.\u00a0<\/p>\n<p>Men de kan inte negligera Allsvenska heller. Beh\u00f6ver som sagt l\u00f6sa en topp tre-placering f\u00f6r att n\u00e5 Europaspel \u00e4ven s\u00e4songen 2026. Tror de har bra chans att l\u00f6sa det, men de beh\u00f6ver vinna.\u00a0<\/p>\n<p>En hel del av kritiken mot Malm\u00f6 har varit r\u00e4ttm\u00e4tig tycker jag, men de har ocks\u00e5 haft en del motstuds. Tycker exempelvis de slaktade Bl\u00e5vitt just f\u00f6re uppeh\u00e5llet, men missade straff. Finns en del andra matcher d\u00e4r MFF ocks\u00e5 f\u00f6rtj\u00e4nat mer. Trots all kaos, alla po\u00e4ngf\u00f6rluster och allt annat &#8211; de har hugg p\u00e5 tredjeplaceringen. De underliggande siffrorna s\u00e4ger att Malm\u00f6 trots allt \u00e4r ett av de b\u00e4sta lagen.\u00a0<\/p>\n<p>Tror de m\u00e5dde bra av uppeh\u00e5llet och de slipper Europaspel i veckan, \u00e4r &#8221;bara&#8221; cupmatch mot Olympia. Bra skadel\u00e4ge. N\u00e4r Malm\u00f6 inte dubblerar med Europaspel och kunnat ha likv\u00e4rdig uppladdning som motst\u00e5ndet ska de ha j\u00e4ttebra chans att vinna varje match de spelar. Oavsett konstgr\u00e4s.\u00a0<\/p>\n<p>V\u00e4ljer dock Malm\u00f6 att g\u00f6ra minst tv\u00e5 m\u00e5l snarare \u00e4n Mam\u00f6 rak. Nedsidan \u00e4r att 1-0 till Malm\u00f6 inneb\u00e4r f\u00f6rlust p\u00e5 spelet. Men positivt att vi vinner spelet om matchen slutar 2-2, 3-2 till Elfsborg och andra s\u00e5dana resultat. D\u00e5 Elfsborg varit inblandade i en del galna matcher av den typen ser jag det inte som helt osannolikt att det blir en s\u00e5n typ av match.\u00a0<\/p>\n<p>Speltips: Malm\u00f6 FF \u00f6ver 1,5 m\u00e5l i matchen.\u00a0<\/p>\n","protected":false},"excerpt":{"rendered":"Malm\u00f6 FF g\u00e4star Elfsborg p\u00e5 s\u00f6ndagen. Mitt speltips: \u00d6ver 1,5 m\u00e5l av Malm\u00f6 FF. Spelet sitter oavsett slutresultat&hellip;\n","protected":false},"author":2,"featured_media":29180,"comment_status":"","ping_status":"","sticky":false,"template":"","format":"standard","meta":{"footnotes":""},"categories":[68],"tags":[159,1668,1664,1660,1663,1472,1666,247,1669,140,1661,34,160,1667,1662,111,110,1665,31,33,32,30,1670],"class_list":{"0":"post-29179","1":"post","2":"type-post","3":"status-publish","4":"format-standard","5":"has-post-thumbnail","7":"category-sport","8":"tag-allsvenskan","9":"tag-betting","10":"tag-bonusguide","11":"tag-dagens-basta-speltips","12":"tag-insattningsbonus","13":"tag-ishockey","14":"tag-la-liga","15":"tag-nhl","16":"tag-odds","17":"tag-premier-league","18":"tag-rekar","19":"tag-se","20":"tag-serie-a","21":"tag-spelforslag","22":"tag-speltips","23":"tag-sport","24":"tag-sports","25":"tag-stryktipset","26":"tag-svenska","27":"tag-sverige","28":"tag-sweden","29":"tag-swedish","30":"tag-tennis"},"share_on_mastodon":{"url":"","error":""},"_links":{"self":[{"href":"https:\/\/www.europesays.com\/se\/wp-json\/wp\/v2\/posts\/29179","targetHints":{"allow":["GET"]}}],"collection":[{"href":"https:\/\/www.europesays.com\/se\/wp-json\/wp\/v2\/posts"}],"about":[{"href":"https:\/\/www.europesays.com\/se\/wp-json\/wp\/v2\/types\/post"}],"author":[{"embeddable":true,"href":"https:\/\/www.europesays.com\/se\/wp-json\/wp\/v2\/users\/2"}],"replies":[{"embeddable":true,"href":"https:\/\/www.europesays.com\/se\/wp-json\/wp\/v2\/comments?post=29179"}],"version-history":[{"count":0,"href":"https:\/\/www.europesays.com\/se\/wp-json\/wp\/v2\/posts\/29179\/revisions"}],"wp:featuredmedia":[{"embeddable":true,"href":"https:\/\/www.europesays.com\/se\/wp-json\/wp\/v2\/media\/29180"}],"wp:attachment":[{"href":"https:\/\/www.europesays.com\/se\/wp-json\/wp\/v2\/media?parent=29179"}],"wp:term":[{"taxonomy":"category","embeddable":true,"href":"https:\/\/www.europesays.com\/se\/wp-json\/wp\/v2\/categories?post=29179"},{"taxonomy":"post_tag","embeddable":true,"href":"https:\/\/www.europesays.com\/se\/wp-json\/wp\/v2\/tags?post=29179"}],"curies":[{"name":"wp","href":"https:\/\/api.w.org\/{rel}","templated":true}]}}